{"id":8721,"date":"2025-10-08T17:21:52","date_gmt":"2025-10-08T17:21:52","guid":{"rendered":"https:\/\/burkinaonline.net\/?p=8721"},"modified":"2025-10-08T17:25:22","modified_gmt":"2025-10-08T17:25:22","slug":"mali-radiation-de-onze-officiers-militaires-pour-tentative-de-destabilisation","status":"publish","type":"post","link":"https:\/\/burkinaonline.net\/?p=8721","title":{"rendered":"Mali : Radiation de onze officiers militaires pour tentative de d\u00e9stabilisation"},"content":{"rendered":"<p class=\"p1\">Le 8 octobre 2025, le gouvernement malien a annonc\u00e9 la radiation de onze officiers des Forces arm\u00e9es et de s\u00e9curit\u00e9 (FAMa), dont deux g\u00e9n\u00e9raux de brigade, \u00e0 la suite d\u2019accusations de complot visant \u00e0 d\u00e9stabiliser les institutions de la R\u00e9publique.<\/p>\n<p class=\"p1\"><span class=\"s2\">\ud83c\udf96\ufe0f<\/span><span class=\"s1\"> Les officiers radi\u00e9s<\/span><\/p>\n<p class=\"p1\"><span class=\"s1\">Parmi les officiers radi\u00e9s figurent :<\/span><\/p>\n<p class=\"p3\"><span class=\"s1\"> \u2022 G\u00e9n\u00e9ral de brigade Abass Demb\u00e9l\u00e9 (Arm\u00e9e de Terre)<\/span><\/p>\n<p class=\"p3\"><span class=\"s1\"> \u2022 G\u00e9n\u00e9rale de brigade N\u00e9ma Sagara (Arm\u00e9e de l\u2019air)<\/span><\/p>\n<p class=\"p3\"><span class=\"s1\"> \u2022 Six lieutenants-colonels<\/span><\/p>\n<p class=\"p3\"><span class=\"s1\"> \u2022 Trois capitaines<\/span><\/p>\n<p class=\"p3\"><span class=\"s1\"> \u2022 Un sous-officier<\/span><\/p>\n<p class=\"p3\"><span class=\"s1\">Les d\u00e9crets n\u00b02025-0680 et n\u00b02025-0681, sign\u00e9s par le pr\u00e9sident de la Transition, le g\u00e9n\u00e9ral d\u2019arm\u00e9e Assimi Go\u00efta, et le ministre de la D\u00e9fense, le g\u00e9n\u00e9ral de corps d\u2019arm\u00e9e Sadio Camara, ont \u00e9t\u00e9 publi\u00e9s au Journal officiel le 8 octobre 2025.<\/span><\/p>\n<p class=\"p1\"><span class=\"s1\">Motifs et contexte<\/span><\/p>\n<p class=\"p1\"><span class=\"s1\">Selon les autorit\u00e9s, ces mesures disciplinaires ont pour objectif de maintenir la coh\u00e9sion et la rigueur au sein des FAMa. Elles font suite \u00e0 des conseils d\u2019enqu\u00eate tenus entre le 30 septembre et le 6 octobre 2025.<\/span><\/p>\n<p>En ao\u00fbt 2025, le gouvernement malien avait annonc\u00e9 l\u2019arrestation d\u2019un groupe d\u2019officiers et de civils accus\u00e9s de complot contre la Transition. Les services de renseignement maliens ont d\u00e9jou\u00e9 une conspiration visant \u00e0 \u00ab briser, avec l\u2019aide d\u2019\u00c9tats \u00e9trangers, la dynamique de la Refondation du Mali \u00bb<\/p>\n<p>Alex Nak\u00e9<\/p>\n<p>www.burkinaonline.net<\/p>\n","protected":false},"excerpt":{"rendered":"<p>Le 8 octobre 2025, le gouvernement malien a annonc\u00e9 la radiation de onze officiers des&#8230;<\/p>\n","protected":false},"author":1,"featured_media":8722,"comment_status":"open","ping_status":"open","sticky":false,"template":"","format":"standard","meta":{"footnotes":""},"categories":[8,30,13],"tags":[],"class_list":["post-8721","post","type-post","status-publish","format-standard","has-post-thumbnail","hentry","category-post","category-aes","category-societe"],"_links":{"self":[{"href":"https:\/\/burkinaonline.net\/index.php?rest_route=\/wp\/v2\/posts\/8721","targetHints":{"allow":["GET"]}}],"collection":[{"href":"https:\/\/burkinaonline.net\/index.php?rest_route=\/wp\/v2\/posts"}],"about":[{"href":"https:\/\/burkinaonline.net\/index.php?rest_route=\/wp\/v2\/types\/post"}],"author":[{"embeddable":true,"href":"https:\/\/burkinaonline.net\/index.php?rest_route=\/wp\/v2\/users\/1"}],"replies":[{"embeddable":true,"href":"https:\/\/burkinaonline.net\/index.php?rest_route=%2Fwp%2Fv2%2Fcomments&post=8721"}],"version-history":[{"count":3,"href":"https:\/\/burkinaonline.net\/index.php?rest_route=\/wp\/v2\/posts\/8721\/revisions"}],"predecessor-version":[{"id":8725,"href":"https:\/\/burkinaonline.net\/index.php?rest_route=\/wp\/v2\/posts\/8721\/revisions\/8725"}],"wp:featuredmedia":[{"embeddable":true,"href":"https:\/\/burkinaonline.net\/index.php?rest_route=\/wp\/v2\/media\/8722"}],"wp:attachment":[{"href":"https:\/\/burkinaonline.net\/index.php?rest_route=%2Fwp%2Fv2%2Fmedia&parent=8721"}],"wp:term":[{"taxonomy":"category","embeddable":true,"href":"https:\/\/burkinaonline.net\/index.php?rest_route=%2Fwp%2Fv2%2Fcategories&post=8721"},{"taxonomy":"post_tag","embeddable":true,"href":"https:\/\/burkinaonline.net\/index.php?rest_route=%2Fwp%2Fv2%2Ftags&post=8721"}],"curies":[{"name":"wp","href":"https:\/\/api.w.org\/{rel}","templated":true}]}}