{"id":8729,"date":"2025-10-09T10:34:38","date_gmt":"2025-10-09T10:34:38","guid":{"rendered":"https:\/\/burkinaonline.net\/?p=8729"},"modified":"2025-10-09T10:34:38","modified_gmt":"2025-10-09T10:34:38","slug":"politique-le-togo-devoile-son-premier-gouvernement-de-la-ve-republique-apres-six-mois-dattente","status":"publish","type":"post","link":"https:\/\/burkinaonline.net\/?p=8729","title":{"rendered":"Politique: Le Togo d\u00e9voile son premier gouvernement de la Ve R\u00e9publique apr\u00e8s six mois d\u2019attente"},"content":{"rendered":"<p class=\"p1\"><span class=\"s1\">Apr\u00e8s six mois d\u2019attente depuis la prestation de serment de Faure Gnassingb\u00e9 en mai 2025, le Togo a enfin un gouvernement. Le 8 octobre 2025, le pr\u00e9sident du Conseil a annonc\u00e9 la composition de son premier gouvernement sous la Ve R\u00e9publique, marquant une \u00e9tape importante dans la transition politique du pays vers un r\u00e9gime parlementaire.<\/span><\/p>\n<p class=\"p1\"><span class=\"s1\">Ce gouvernement de 27 membres se compose de 17 ministres de plein exercice, 10 ministres d\u00e9l\u00e9gu\u00e9s et 4 minist\u00e8res rattach\u00e9s \u00e0 la Pr\u00e9sidence du Conseil, totalisant ainsi 31 portefeuilles minist\u00e9riels<span class=\"Apple-converted-space\">\u00a0 <\/span>.<\/span><\/p>\n<p class=\"p1\"><span class=\"s1\">Ministres de plein exercice :<\/span><\/p>\n<p class=\"p3\"><span class=\"s2\"> 1. <\/span><span class=\"s1\">Kodjo Sevon Adedze \u2013 Am\u00e9nagement du territoire, de l\u2019Urbanisme et de l\u2019Habitat<\/span><\/p>\n<p class=\"p3\"><span class=\"s2\"> 2. <\/span><span class=\"s1\">Gilbert Bawara \u2013 Relations avec le Parlement et les Institutions<\/span><\/p>\n<p class=\"p3\"><span class=\"s2\"> 3. <\/span><span class=\"s1\">Essow\u00e8 Georges Barcola \u2013 Finances et du Budget<\/span><\/p>\n<p class=\"p3\"><span class=\"s2\"> 4. <\/span><span class=\"s1\">Cina Lawson \u2013 Efficacit\u00e9 du Service Public et de la Transformation Num\u00e9rique<\/span><\/p>\n<p class=\"p3\"><span class=\"s2\"> 5. <\/span><span class=\"s1\">Professeur Robert Komlan-Edo Dussey \u2013 Affaires \u00e9trang\u00e8res, de la Coop\u00e9ration, de l\u2019Int\u00e9gration africaine et des Togolais de l\u2019ext\u00e9rieur<\/span><\/p>\n<p class=\"p3\"><span class=\"s2\"> 6. <\/span><span class=\"s1\">Antoine L\u00e9kpa-Gb\u00e9gb\u00e9ni \u2013 Agriculture, de la P\u00eache, des Ressources animales et de la Souverainet\u00e9 alimentaire<\/span><\/p>\n<p class=\"p3\"><span class=\"s2\"> 7. <\/span><span class=\"s1\">Colonel Hodabalo Awat\u00e9 \u2013 Administration territoriale, de la Gouvernance locale et des Affaires coutumi\u00e8res<\/span><\/p>\n<p class=\"p3\"><span class=\"s2\"> 8. <\/span><span class=\"s1\">Professeur Komlan Dodzi Kokoroko \u2013 Environnement, des Ressources foresti\u00e8res, de la Protection c\u00f4ti\u00e8re et du Changement climatique<\/span><\/p>\n<p class=\"p3\"><span class=\"s2\"> 9. <\/span><span class=\"s1\">Mama Omorou \u2013 \u00c9ducation nationale<\/span><\/p>\n<p class=\"p3\"><span class=\"s2\"> 10. <\/span><span class=\"s1\">Yawa Kouigan \u2013 Communication<\/span><\/p>\n<p class=\"p3\"><span class=\"s2\"> 11. <\/span><span class=\"s1\">Mazamesso Assih \u2013 D\u00e9veloppement \u00e0 la base et de l\u2019\u00c9conomie sociale et solidaire<\/span><\/p>\n<p class=\"p3\"><span class=\"s2\"> 12. <\/span><span class=\"s1\">Colonel Calixte Batossie Madjoulba \u2013 S\u00e9curit\u00e9<\/span><\/p>\n<p class=\"p3\"><span class=\"s2\"> 13. <\/span><span class=\"s1\">Jean-Marie Tessi \u2013 Sant\u00e9, de l\u2019Hygi\u00e8ne publique, de la Couverture sanitaire universelle et des Assurances<\/span><\/p>\n<p class=\"p3\"><span class=\"s2\"> 14. <\/span><span class=\"s1\">Badama Ak\u00e9ti \u2013 \u00c9conomie et de la Veille strat\u00e9gique<\/span><\/p>\n<p class=\"p3\"><span class=\"s2\"> 15. <\/span><span class=\"s1\">Ma\u00eetre Pakom Agdjouvi \u2013 Garde des Sceaux, Ministre de la Justice et des Droits humains<\/span><\/p>\n<p class=\"p3\"><span class=\"s2\"> 16. <\/span><span class=\"s1\">Isaac Tchiakp\u00e9 \u2013 Tourisme, de la Culture et des Arts<\/span><\/p>\n<p class=\"p3\"><span class=\"s2\"> 17. <\/span><span class=\"s1\">Martine Moni Sankaridja \u2013 Solidarit\u00e9s, du Genre, de la Famille et de la Protection de l\u2019enfance<\/span><\/p>\n<p class=\"p1\"><span class=\"s1\">Ministres d\u00e9l\u00e9gu\u00e9s :<\/span><\/p>\n<p class=\"p3\"><span class=\"s2\"> 1. <\/span><span class=\"s1\">Sani Yaya \u2013 D\u00e9l\u00e9gu\u00e9 aupr\u00e8s du ministre de l\u2019Am\u00e9nagement du territoire, charg\u00e9 des Travaux publics et des Infrastructures<\/span><\/p>\n<p class=\"p3\"><span class=\"s2\"> 2. <\/span><span class=\"s1\">Manuella Modukpe Santos \u2013 D\u00e9l\u00e9gu\u00e9e aupr\u00e8s du ministre de l\u2019\u00c9conomie, charg\u00e9e de la Promotion des investissements, de l\u2019Industrie et de la Souverainet\u00e9 \u00e9conomique<\/span><\/p>\n<p class=\"p3\"><span class=\"s2\"> 3. <\/span><span class=\"s1\">Robert Kofi Messin-Eclot \u2013 D\u00e9l\u00e9gu\u00e9 aupr\u00e8s du ministre de l\u2019\u00c9conomie, charg\u00e9 de l\u2019\u00c9nergie et des Ressources mini\u00e8res<\/span><\/p>\n<p class=\"p3\"><span class=\"s2\"> 4. <\/span><span class=\"s1\">Koamy Gomado \u2013 D\u00e9l\u00e9gu\u00e9 aupr\u00e8s du ministre de l\u2019Am\u00e9nagement du territoire, charg\u00e9 du D\u00e9veloppement local<\/span><\/p>\n<p class=\"p3\"><span class=\"s2\"> 5. <\/span><span class=\"s1\">Professeur Tchin Dare \u2013 D\u00e9l\u00e9gu\u00e9 aupr\u00e8s du ministre de la Sant\u00e9<\/span><\/p>\n<p class=\"p3\"><span class=\"s2\"> 6. <\/span><span class=\"s1\">Abdul-Fahd Fofana \u2013 D\u00e9l\u00e9gu\u00e9 aupr\u00e8s du ministre du D\u00e9veloppement \u00e0 la base et de l\u2019\u00c9conomie sociale et solidaire, charg\u00e9 de la Jeunesse et des Sports<\/span><\/p>\n<p class=\"p3\"><span class=\"s2\"> 7. <\/span><span class=\"s1\">S\u00e9nat Alipui \u2013 D\u00e9l\u00e9gu\u00e9 aupr\u00e8s du ministre de l\u2019Am\u00e9nagement du territoire, charg\u00e9 de l\u2019Eau et de l\u2019Assainissement<\/span><\/p>\n<p class=\"p3\"><span class=\"s2\"> 8. <\/span><span class=\"s1\">Yacole Koku Johnson \u2013 D\u00e9l\u00e9gu\u00e9 aupr\u00e8s du ministre des Affaires \u00e9trang\u00e8res et de la Coop\u00e9ration, charg\u00e9 de la Coop\u00e9ration et des Togolais de l\u2019ext\u00e9rieur<\/span><\/p>\n<p class=\"p3\"><span class=\"s2\"> 9. <\/span><span class=\"s1\">Robert Eklu \u2013 D\u00e9l\u00e9gu\u00e9 aupr\u00e8s du ministre de l\u2019\u00c9conomie, charg\u00e9 de l\u2019\u00c9nergie et des Ressources mini\u00e8res<\/span><\/p>\n<p class=\"p3\"><span class=\"s2\"> 10. <\/span><span class=\"s1\">Koamy Gomado \u2013 D\u00e9l\u00e9gu\u00e9 aupr\u00e8s du ministre de l\u2019Am\u00e9nagement du territoire, charg\u00e9 du D\u00e9veloppement local<\/span><\/p>\n<p class=\"p1\"><span class=\"s1\">Minist\u00e8res rattach\u00e9s \u00e0 la Pr\u00e9sidence du Conseil :<\/span><\/p>\n<p class=\"p5\"><span class=\"s2\"> 1. D\u00e9fense nationale<\/span><\/p>\n<p class=\"p5\"><span class=\"s2\"> 2. Fonction publique et Dialogue social<\/span><\/p>\n<p class=\"p5\"><span class=\"s2\"> 3. Travail<\/span><\/p>\n<p class=\"p5\"><span class=\"s2\"> 4. Transports<\/span><\/p>\n<p class=\"p5\"><span class=\"s2\">Ce gouvernement marque une volont\u00e9 de modernisation de l\u2019action publique et d\u2019assurer un suivi plus efficace des politiques de d\u00e9veloppement<\/span><span class=\"s1\">.<\/span><\/p>\n<p class=\"p5\"><span class=\"s1\">Gildas Kinda <\/span><\/p>\n<p class=\"p5\"><span class=\"s1\">www.burkinaonline. net<\/span><\/p>\n","protected":false},"excerpt":{"rendered":"<p>Apr\u00e8s six mois d\u2019attente depuis la prestation de serment de Faure Gnassingb\u00e9 en mai 2025,&#8230;<\/p>\n","protected":false},"author":1,"featured_media":8730,"comment_status":"open","ping_status":"open","sticky":false,"template":"","format":"standard","meta":{"footnotes":""},"categories":[8,11,13],"tags":[],"class_list":["post-8729","post","type-post","status-publish","format-standard","has-post-thumbnail","hentry","category-post","category-politique","category-societe"],"_links":{"self":[{"href":"https:\/\/burkinaonline.net\/index.php?rest_route=\/wp\/v2\/posts\/8729","targetHints":{"allow":["GET"]}}],"collection":[{"href":"https:\/\/burkinaonline.net\/index.php?rest_route=\/wp\/v2\/posts"}],"about":[{"href":"https:\/\/burkinaonline.net\/index.php?rest_route=\/wp\/v2\/types\/post"}],"author":[{"embeddable":true,"href":"https:\/\/burkinaonline.net\/index.php?rest_route=\/wp\/v2\/users\/1"}],"replies":[{"embeddable":true,"href":"https:\/\/burkinaonline.net\/index.php?rest_route=%2Fwp%2Fv2%2Fcomments&post=8729"}],"version-history":[{"count":1,"href":"https:\/\/burkinaonline.net\/index.php?rest_route=\/wp\/v2\/posts\/8729\/revisions"}],"predecessor-version":[{"id":8731,"href":"https:\/\/burkinaonline.net\/index.php?rest_route=\/wp\/v2\/posts\/8729\/revisions\/8731"}],"wp:featuredmedia":[{"embeddable":true,"href":"https:\/\/burkinaonline.net\/index.php?rest_route=\/wp\/v2\/media\/8730"}],"wp:attachment":[{"href":"https:\/\/burkinaonline.net\/index.php?rest_route=%2Fwp%2Fv2%2Fmedia&parent=8729"}],"wp:term":[{"taxonomy":"category","embeddable":true,"href":"https:\/\/burkinaonline.net\/index.php?rest_route=%2Fwp%2Fv2%2Fcategories&post=8729"},{"taxonomy":"post_tag","embeddable":true,"href":"https:\/\/burkinaonline.net\/index.php?rest_route=%2Fwp%2Fv2%2Ftags&post=8729"}],"curies":[{"name":"wp","href":"https:\/\/api.w.org\/{rel}","templated":true}]}}