{"id":8735,"date":"2025-10-09T17:30:20","date_gmt":"2025-10-09T17:30:20","guid":{"rendered":"https:\/\/burkinaonline.net\/?p=8735"},"modified":"2025-10-09T17:35:11","modified_gmt":"2025-10-09T17:35:11","slug":"%f0%9f%87%ba%f0%9f%87%b8-burkina-faso-lambassade-des-etats-unis-suspend-la-delivrance-de-visas","status":"publish","type":"post","link":"https:\/\/burkinaonline.net\/?p=8735","title":{"rendered":"\ud83c\uddfa\ud83c\uddf8 Burkina Faso : L\u2019ambassade des \u00c9tats-Unis suspend la d\u00e9livrance de visas"},"content":{"rendered":"<p class=\"p1\"><span class=\"s2\">L\u2019ambassade des \u00c9tats-Unis \u00e0 Ouagadougou a annonc\u00e9 la suspension temporaire de tous les services de visas de routine pour la plupart des cat\u00e9gories. Selon une note officielle publi\u00e9e sur le site du d\u00e9partement d\u2019\u00c9tat am\u00e9ricain (<\/span><span class=\"s3\">Travel.State.Gov<\/span><span class=\"s2\">), cette d\u00e9cision implique que les r\u00e9sidents du Burkina Faso devront d\u00e9sormais s\u2019adresser \u00e0 l\u2019ambassade am\u00e9ricaine \u00e0 Lom\u00e9, au Togo, pour toute demande de visa.<\/span><\/p>\n<p class=\"p1\"><span class=\"s2\">L\u2019ambassade de Ouagadougou demeure toutefois ouverte pour les services destin\u00e9s aux citoyens am\u00e9ricains, tels que le renouvellement de passeports ou l\u2019assistance consulaire d\u2019urgence.<\/span><\/p>\n<p class=\"p1\"><span class=\"s2\">Aucune pr\u00e9cision n\u2019a encore \u00e9t\u00e9 donn\u00e9e sur la dur\u00e9e de cette suspension ni sur les raisons exactes de cette r\u00e9organisation. Les autorit\u00e9s am\u00e9ricaines invitent les demandeurs \u00e0 consulter r\u00e9guli\u00e8rement le site officiel <a href=\"https:\/\/travel.state.gov\/content\/travel\/en\/News\/visas-news.html\">travel.state.gov<\/a> pour les mises \u00e0 jour.<\/span><\/p>\n<p class=\"p1\"><span class=\"s2\">Cette mesure pourrait impacter plusieurs Burkinab\u00e8 en attente de rendez-vous pour des visas d\u2019\u00e9tudes, de travail ou de tourisme.<\/span><\/p>\n<p>Nak\u00e9 Alex<\/p>\n<p class=\"p1\"><span class=\"s2\">www.burkinaonline.net<\/span><\/p>\n","protected":false},"excerpt":{"rendered":"<p>L\u2019ambassade des \u00c9tats-Unis \u00e0 Ouagadougou a annonc\u00e9 la suspension temporaire de tous les services de&#8230;<\/p>\n","protected":false},"author":1,"featured_media":8740,"comment_status":"open","ping_status":"open","sticky":false,"template":"","format":"standard","meta":{"footnotes":""},"categories":[8,10,18,11],"tags":[],"class_list":["post-8735","post","type-post","status-publish","format-standard","has-post-thumbnail","hentry","category-post","category-burkina-faso","category-international","category-politique"],"_links":{"self":[{"href":"https:\/\/burkinaonline.net\/index.php?rest_route=\/wp\/v2\/posts\/8735","targetHints":{"allow":["GET"]}}],"collection":[{"href":"https:\/\/burkinaonline.net\/index.php?rest_route=\/wp\/v2\/posts"}],"about":[{"href":"https:\/\/burkinaonline.net\/index.php?rest_route=\/wp\/v2\/types\/post"}],"author":[{"embeddable":true,"href":"https:\/\/burkinaonline.net\/index.php?rest_route=\/wp\/v2\/users\/1"}],"replies":[{"embeddable":true,"href":"https:\/\/burkinaonline.net\/index.php?rest_route=%2Fwp%2Fv2%2Fcomments&post=8735"}],"version-history":[{"count":2,"href":"https:\/\/burkinaonline.net\/index.php?rest_route=\/wp\/v2\/posts\/8735\/revisions"}],"predecessor-version":[{"id":8738,"href":"https:\/\/burkinaonline.net\/index.php?rest_route=\/wp\/v2\/posts\/8735\/revisions\/8738"}],"wp:featuredmedia":[{"embeddable":true,"href":"https:\/\/burkinaonline.net\/index.php?rest_route=\/wp\/v2\/media\/8740"}],"wp:attachment":[{"href":"https:\/\/burkinaonline.net\/index.php?rest_route=%2Fwp%2Fv2%2Fmedia&parent=8735"}],"wp:term":[{"taxonomy":"category","embeddable":true,"href":"https:\/\/burkinaonline.net\/index.php?rest_route=%2Fwp%2Fv2%2Fcategories&post=8735"},{"taxonomy":"post_tag","embeddable":true,"href":"https:\/\/burkinaonline.net\/index.php?rest_route=%2Fwp%2Fv2%2Ftags&post=8735"}],"curies":[{"name":"wp","href":"https:\/\/api.w.org\/{rel}","templated":true}]}}