{"id":8744,"date":"2025-10-09T19:15:53","date_gmt":"2025-10-09T19:15:53","guid":{"rendered":"https:\/\/burkinaonline.net\/?p=8744"},"modified":"2025-10-09T19:16:03","modified_gmt":"2025-10-09T19:16:03","slug":"accord-historique-entre-israel-et-le-hamas-un-premier-pas-vers-la-fin-du-conflit-a-gaza","status":"publish","type":"post","link":"https:\/\/burkinaonline.net\/?p=8744","title":{"rendered":"Accord historique entre Isra\u00ebl et le Hamas : un premier pas vers la fin du conflit \u00e0 Gaza"},"content":{"rendered":"<p class=\"p1\">Apr\u00e8s plusieurs mois de n\u00e9gociations intenses men\u00e9es sous la m\u00e9diation de l\u2019\u00c9gypte, du Qatar et de la Turquie, avec l\u2019appui des \u00c9tats-Unis, Isra\u00ebl et le Hamas ont conclu, le 9 octobre 2025, un accord de cessez-le-feu qualifi\u00e9 d\u2019\u00ab historique \u00bb. Cet accord marque une premi\u00e8re phase dans un processus de paix visant \u00e0 mettre fin \u00e0 la guerre d\u00e9vastatrice \u00e0 Gaza.<\/p>\n<p class=\"p1\"><span class=\"s1\">Selon les termes de l\u2019entente, le Hamas s\u2019est engag\u00e9 \u00e0 lib\u00e9rer les derniers otages isra\u00e9liens encore d\u00e9tenus dans l\u2019enclave, tandis qu\u2019Isra\u00ebl proc\u00e9dera \u00e0 la lib\u00e9ration de plusieurs prisonniers palestiniens, notamment des femmes et des mineurs. En parall\u00e8le, les forces isra\u00e9liennes devront se retirer partiellement de certaines zones de Gaza, permettant le d\u00e9ploiement d\u2019une aide humanitaire massive et la r\u00e9ouverture de plusieurs points de passage.<\/span><\/p>\n<p><a href=\"http:\/\/burkinaonline.net\/wp-content\/uploads\/2025\/10\/IMG_1002.jpeg\"><img decoding=\"async\" class=\"size-medium wp-image-8746 aligncenter\" src=\"http:\/\/burkinaonline.net\/wp-content\/uploads\/2025\/10\/IMG_1002-300x158.jpeg\" alt=\"\" width=\"300\" height=\"158\" srcset=\"https:\/\/burkinaonline.net\/wp-content\/uploads\/2025\/10\/IMG_1002-300x158.jpeg 300w, https:\/\/burkinaonline.net\/wp-content\/uploads\/2025\/10\/IMG_1002-1024x538.jpeg 1024w, https:\/\/burkinaonline.net\/wp-content\/uploads\/2025\/10\/IMG_1002-768x403.jpeg 768w, https:\/\/burkinaonline.net\/wp-content\/uploads\/2025\/10\/IMG_1002.jpeg 1200w\" sizes=\"(max-width: 300px) 100vw, 300px\" \/><\/a><\/p>\n<p class=\"p1\"><span class=\"s1\">Cette tr\u00eave, qui reste conditionn\u00e9e \u00e0 une ratification officielle par le gouvernement isra\u00e9lien, a \u00e9t\u00e9 salu\u00e9e par la communaut\u00e9 internationale comme un pas vers la d\u00e9sescalade. Toutefois, de nombreuses zones d\u2019ombre subsistent : la question de la gouvernance future de Gaza, la d\u00e9militarisation du Hamas, ainsi que les garanties de s\u00e9curit\u00e9 pour Isra\u00ebl n\u2019ont pas encore trouv\u00e9 de solution claire.<\/span><\/p>\n<p class=\"p1\"><span class=\"s1\">Si cet accord ouvre une lueur d\u2019espoir apr\u00e8s des mois de violences meurtri\u00e8res, les observateurs restent prudents. Pour beaucoup, seule la mise en \u0153uvre effective de ces engagements pourra transformer ce cessez-le-feu en une v\u00e9ritable paix durable.<\/span><\/p>\n<p>Gildas Kinda<\/p>\n<p>www.burkinaonline.net<\/p>\n","protected":false},"excerpt":{"rendered":"<p>Apr\u00e8s plusieurs mois de n\u00e9gociations intenses men\u00e9es sous la m\u00e9diation de l\u2019\u00c9gypte, du Qatar et&#8230;<\/p>\n","protected":false},"author":1,"featured_media":8745,"comment_status":"open","ping_status":"open","sticky":false,"template":"","format":"standard","meta":{"footnotes":""},"categories":[8,18,11,13],"tags":[],"class_list":["post-8744","post","type-post","status-publish","format-standard","has-post-thumbnail","hentry","category-post","category-international","category-politique","category-societe"],"_links":{"self":[{"href":"https:\/\/burkinaonline.net\/index.php?rest_route=\/wp\/v2\/posts\/8744","targetHints":{"allow":["GET"]}}],"collection":[{"href":"https:\/\/burkinaonline.net\/index.php?rest_route=\/wp\/v2\/posts"}],"about":[{"href":"https:\/\/burkinaonline.net\/index.php?rest_route=\/wp\/v2\/types\/post"}],"author":[{"embeddable":true,"href":"https:\/\/burkinaonline.net\/index.php?rest_route=\/wp\/v2\/users\/1"}],"replies":[{"embeddable":true,"href":"https:\/\/burkinaonline.net\/index.php?rest_route=%2Fwp%2Fv2%2Fcomments&post=8744"}],"version-history":[{"count":1,"href":"https:\/\/burkinaonline.net\/index.php?rest_route=\/wp\/v2\/posts\/8744\/revisions"}],"predecessor-version":[{"id":8747,"href":"https:\/\/burkinaonline.net\/index.php?rest_route=\/wp\/v2\/posts\/8744\/revisions\/8747"}],"wp:featuredmedia":[{"embeddable":true,"href":"https:\/\/burkinaonline.net\/index.php?rest_route=\/wp\/v2\/media\/8745"}],"wp:attachment":[{"href":"https:\/\/burkinaonline.net\/index.php?rest_route=%2Fwp%2Fv2%2Fmedia&parent=8744"}],"wp:term":[{"taxonomy":"category","embeddable":true,"href":"https:\/\/burkinaonline.net\/index.php?rest_route=%2Fwp%2Fv2%2Fcategories&post=8744"},{"taxonomy":"post_tag","embeddable":true,"href":"https:\/\/burkinaonline.net\/index.php?rest_route=%2Fwp%2Fv2%2Ftags&post=8744"}],"curies":[{"name":"wp","href":"https:\/\/api.w.org\/{rel}","templated":true}]}}