{"id":8748,"date":"2025-10-09T22:29:40","date_gmt":"2025-10-09T22:29:40","guid":{"rendered":"https:\/\/burkinaonline.net\/?p=8748"},"modified":"2025-10-09T22:31:41","modified_gmt":"2025-10-09T22:31:41","slug":"%f0%9f%87%a7%f0%9f%87%ab-suspension-des-visas-americains-ouagadougou-refuse-detre-une-terre-de-deportation-et-prepare-une-riposte-fondee-sur-la-reciprocite","status":"publish","type":"post","link":"https:\/\/burkinaonline.net\/?p=8748","title":{"rendered":"\ud83c\udde7\ud83c\uddeb Suspension des visas am\u00e9ricains :  Ouagadougou refuse d\u2019\u00eatre une terre de d\u00e9portation et pr\u00e9pare une riposte fond\u00e9e sur la r\u00e9ciprocit\u00e9"},"content":{"rendered":"<p class=\"p1\">Le gouvernement burkinab\u00e8 a officiellement r\u00e9agi \u00e0 la d\u00e9cision de l\u2019ambassade des \u00c9tats-Unis \u00e0 Ouagadougou de suspendre temporairement la d\u00e9livrance des visas touristiques et \u00e9tudiants aux ressortissants burkinab\u00e8.<\/p>\n<p class=\"p1\"><span class=\"s2\">Selon la note verbale transmise au minist\u00e8re burkinab\u00e8 des Affaires \u00e9trang\u00e8res, cette mesure s\u2019inscrit dans un dispositif visant plusieurs pays africains accus\u00e9s de non-respect des conditions d\u2019usage des visas am\u00e9ricains. D\u00e9sormais, les Burkinab\u00e8 souhaitant se rendre aux \u00c9tats-Unis devront effectuer leurs d\u00e9marches \u00e0 l\u2019ambassade am\u00e9ricaine de Lom\u00e9 (Togo).<\/span><\/p>\n<p class=\"p1\"><span class=\"s2\">Dans sa r\u00e9action sur la RTB, le ministre des Affaires \u00e9trang\u00e8res, de la Coop\u00e9ration r\u00e9gionale et des Burkinab\u00e8 de l\u2019ext\u00e9rieur, Jean Marie Karamoko Traor\u00e9, a confirm\u00e9 la r\u00e9ception de la note diplomatique tout en d\u00e9non\u00e7ant son caract\u00e8re inamical et injustifi\u00e9.<\/span><\/p>\n<p class=\"p1\"><span class=\"s2\">Le ministre a rappel\u00e9 que Washington avait, par le pass\u00e9, propos\u00e9 au Burkina Faso d\u2019accueillir sur son sol des migrants non-Burkinab\u00e8 expuls\u00e9s des \u00c9tats-Unis, dans le cadre de sa politique migratoire. Une proposition que le gouvernement burkinab\u00e8 a fermement rejet\u00e9e, la consid\u00e9rant ind\u00e9cente et contraire \u00e0 la dignit\u00e9 nationale.<\/span><\/p>\n<p class=\"p3\"><span class=\"s2\">\u00ab Le Burkina Faso est une destination, pas une terre de d\u00e9portation \u00bb, a d\u00e9clar\u00e9 Jean Marie Karamoko Traor\u00e9, soulignant que cette position d\u00e9coule de la vision du capitaine Ibrahim Traor\u00e9, fond\u00e9e sur la souverainet\u00e9, la libert\u00e9 et la dignit\u00e9 du peuple burkinab\u00e8.<\/span><\/p>\n<p class=\"p3\"><span class=\"s2\">Le ministre a r\u00e9affirm\u00e9 la volont\u00e9 du Burkina Faso de demeurer ouvert au dialogue et hospitalier envers les peuples africains, tout en insistant sur la n\u00e9cessit\u00e9 du respect mutuel entre \u00c9tats.<\/span><\/p>\n<p class=\"p3\"><span class=\"s2\">\u00ab Nous resterons en bonne relation avec tous les pays qui nous respectent et respectent notre dignit\u00e9. Mais la mesure prise par l\u2019autorit\u00e9 am\u00e9ricaine ne saurait nous laisser indiff\u00e9rents. En diplomatie, on parle de r\u00e9ciprocit\u00e9 \u00bb, a-t-il ajout\u00e9.<\/span><\/p>\n<p class=\"p3\"><span class=\"s2\">Fid\u00e8le \u00e0 sa ligne de dignit\u00e9 et d\u2019ind\u00e9pendance, le Burkina Faso entend donc prendre des mesures de r\u00e9ciprocit\u00e9 \u00e0 l\u2019encontre de la d\u00e9cision am\u00e9ricaine, sans compromettre pour autant l\u2019amiti\u00e9 entre les peuples burkinab\u00e8 et am\u00e9ricain.<\/span><\/p>\n<p class=\"p3\"><span class=\"s2\">Gildas Kinda <\/span><\/p>\n<p class=\"p3\"><span class=\"s2\">www.burkinaonline.net<\/span><\/p>\n","protected":false},"excerpt":{"rendered":"<p>Le gouvernement burkinab\u00e8 a officiellement r\u00e9agi \u00e0 la d\u00e9cision de l\u2019ambassade des \u00c9tats-Unis \u00e0 Ouagadougou&#8230;<\/p>\n","protected":false},"author":1,"featured_media":8750,"comment_status":"open","ping_status":"open","sticky":false,"template":"","format":"standard","meta":{"footnotes":""},"categories":[8,10,18,1,11],"tags":[],"class_list":["post-8748","post","type-post","status-publish","format-standard","has-post-thumbnail","hentry","category-post","category-burkina-faso","category-international","category-non-classe","category-politique"],"_links":{"self":[{"href":"https:\/\/burkinaonline.net\/index.php?rest_route=\/wp\/v2\/posts\/8748","targetHints":{"allow":["GET"]}}],"collection":[{"href":"https:\/\/burkinaonline.net\/index.php?rest_route=\/wp\/v2\/posts"}],"about":[{"href":"https:\/\/burkinaonline.net\/index.php?rest_route=\/wp\/v2\/types\/post"}],"author":[{"embeddable":true,"href":"https:\/\/burkinaonline.net\/index.php?rest_route=\/wp\/v2\/users\/1"}],"replies":[{"embeddable":true,"href":"https:\/\/burkinaonline.net\/index.php?rest_route=%2Fwp%2Fv2%2Fcomments&post=8748"}],"version-history":[{"count":2,"href":"https:\/\/burkinaonline.net\/index.php?rest_route=\/wp\/v2\/posts\/8748\/revisions"}],"predecessor-version":[{"id":8752,"href":"https:\/\/burkinaonline.net\/index.php?rest_route=\/wp\/v2\/posts\/8748\/revisions\/8752"}],"wp:featuredmedia":[{"embeddable":true,"href":"https:\/\/burkinaonline.net\/index.php?rest_route=\/wp\/v2\/media\/8750"}],"wp:attachment":[{"href":"https:\/\/burkinaonline.net\/index.php?rest_route=%2Fwp%2Fv2%2Fmedia&parent=8748"}],"wp:term":[{"taxonomy":"category","embeddable":true,"href":"https:\/\/burkinaonline.net\/index.php?rest_route=%2Fwp%2Fv2%2Fcategories&post=8748"},{"taxonomy":"post_tag","embeddable":true,"href":"https:\/\/burkinaonline.net\/index.php?rest_route=%2Fwp%2Fv2%2Ftags&post=8748"}],"curies":[{"name":"wp","href":"https:\/\/api.w.org\/{rel}","templated":true}]}}