{"id":8761,"date":"2025-10-11T15:20:19","date_gmt":"2025-10-11T15:20:19","guid":{"rendered":"https:\/\/burkinaonline.net\/?p=8761"},"modified":"2025-10-11T15:45:11","modified_gmt":"2025-10-11T15:45:11","slug":"tension-maximale-a-madagascar-des-militaires-appellent-a-la-desobeissance-en-pleine-crise","status":"publish","type":"post","link":"https:\/\/burkinaonline.net\/?p=8761","title":{"rendered":"Tension Maximale \u00e0 Madagascar : Une unit\u00e9 d\u2019\u00e9lite de l\u2019arm\u00e9e malgache rentre dans la danse"},"content":{"rendered":"<p>Antananarivo, 11 octobre 2025 \u2013 La crise socio-politique qui agite Madagascar vient de franchir un nouveau seuil de gravit\u00e9. Ce samedi, une vid\u00e9o diffus\u00e9e massivement sur les r\u00e9seaux sociaux montre un groupe de militaires du Camp d\u2019Action Parachutiste et de Soutien \u00e0 la Transition (CAPSAT) appelant ouvertement leurs camarades d\u2019armes \u00e0 d\u00e9sob\u00e9ir aux ordres jug\u00e9s contraires \u00e0 la volont\u00e9 du peuple.<\/p>\n<p>Dans leur message, ces soldats exhortent leurs coll\u00e8gues \u00e0 ne plus tirer sur les manifestants de la \u201cG\u00e9n\u00e9ration Z\u201d, mouvement citoyen \u00e0 l\u2019origine des protestations contre la gouvernance du pr\u00e9sident Andry Rajoelina. \u00ab N\u2019ob\u00e9issez plus aux ordres de vos sup\u00e9rieurs. Braquez v0s armes sur ceux qui vous demandent de tirer sur vos fr\u00e8res d\u2019armes \u00bb, d\u00e9clare l\u2019un des militaires dans la vid\u00e9o.<\/p>\n<p>L&rsquo;initiative des militaires du CAPSAT, un camp historiquement associ\u00e9 au renversement du Pr\u00e9sident Marc Ravalomanana en 2009, r\u00e9introduit donc le spectre d&rsquo;une crise militaire majeure. Si cet appel \u00e0 la d\u00e9sob\u00e9issance gagne du terrain, le Pr\u00e9sident Rajoelina pourrait se retrouver face \u00e0 un d\u00e9fi non seulement populaire, mais \u00e9galement institutionnel et s\u00e9curitaire, rendant la menace d&rsquo;un coup d&rsquo;\u00c9tat plus que jamais palpable sur la Grande \u00cele.<\/p>\n<p>Cette d\u00e9claration intervient dans un contexte de fortes tensions sociales : depuis plusieurs semaines, des manifestations d\u00e9non\u00e7ant les coupures d\u2019eau et d\u2019\u00e9lectricit\u00e9, la corruption et la chert\u00e9 de la vie, ont \u00e9t\u00e9 violemment r\u00e9prim\u00e9es. L\u2019ONU fait \u00e9tat d\u2019au moins 22 morts.<\/p>\n<p>La nomination r\u00e9cente du g\u00e9n\u00e9ral Ruphin Fortunat Zafisambo comme Premier ministre, cens\u00e9e apaiser les tensions, a \u00e9t\u00e9 interpr\u00e9t\u00e9e par une partie de la population comme une tentative de militarisation du pouvoir. L\u2019implication du CAPSAT, d\u00e9j\u00e0 acteur du renversement de l\u2019ex-pr\u00e9sident Marc Ravalomanana en 2009, ravive le spectre d\u2019un nouvel affr0ntem\u20acnt entre l\u2019arm\u00e9e et le pouvoir civil.<\/p>\n<p>\u00c0 Antananarivo, la situation demeure hautement volatile. Des rassemblements pro- et anti-Rajoelina se multiplient, tandis que la communaut\u00e9 internationale, \u00e0 commencer par les Nations unies, appelle les autorit\u00e9s \u00e0 \u00e9viter tout recours excessif \u00e0 la force et \u00e0 renouer le dialogue national.<\/p>\n<p>L\u2019avenir politique de la Grande \u00cele s\u2019\u00e9crit d\u00e9sormais dans l\u2019incertitude, alors que le mot \u201cd\u00e9sob\u00e9issance\u201d r\u00e9sonne d\u00e9sormais jusque dans les casernes.<\/p>\n<p>Gildas Kinda<br \/>\nwww.burkinaonline.net<br \/>\n#BurkinaFaso<\/p>\n","protected":false},"excerpt":{"rendered":"<p>Antananarivo, 11 octobre 2025 \u2013 La crise socio-politique qui agite Madagascar vient de franchir un&#8230;<\/p>\n","protected":false},"author":1,"featured_media":8762,"comment_status":"open","ping_status":"open","sticky":false,"template":"","format":"standard","meta":{"footnotes":""},"categories":[8,18,11,13],"tags":[],"class_list":["post-8761","post","type-post","status-publish","format-standard","has-post-thumbnail","hentry","category-post","category-international","category-politique","category-societe"],"_links":{"self":[{"href":"https:\/\/burkinaonline.net\/index.php?rest_route=\/wp\/v2\/posts\/8761","targetHints":{"allow":["GET"]}}],"collection":[{"href":"https:\/\/burkinaonline.net\/index.php?rest_route=\/wp\/v2\/posts"}],"about":[{"href":"https:\/\/burkinaonline.net\/index.php?rest_route=\/wp\/v2\/types\/post"}],"author":[{"embeddable":true,"href":"https:\/\/burkinaonline.net\/index.php?rest_route=\/wp\/v2\/users\/1"}],"replies":[{"embeddable":true,"href":"https:\/\/burkinaonline.net\/index.php?rest_route=%2Fwp%2Fv2%2Fcomments&post=8761"}],"version-history":[{"count":4,"href":"https:\/\/burkinaonline.net\/index.php?rest_route=\/wp\/v2\/posts\/8761\/revisions"}],"predecessor-version":[{"id":8766,"href":"https:\/\/burkinaonline.net\/index.php?rest_route=\/wp\/v2\/posts\/8761\/revisions\/8766"}],"wp:featuredmedia":[{"embeddable":true,"href":"https:\/\/burkinaonline.net\/index.php?rest_route=\/wp\/v2\/media\/8762"}],"wp:attachment":[{"href":"https:\/\/burkinaonline.net\/index.php?rest_route=%2Fwp%2Fv2%2Fmedia&parent=8761"}],"wp:term":[{"taxonomy":"category","embeddable":true,"href":"https:\/\/burkinaonline.net\/index.php?rest_route=%2Fwp%2Fv2%2Fcategories&post=8761"},{"taxonomy":"post_tag","embeddable":true,"href":"https:\/\/burkinaonline.net\/index.php?rest_route=%2Fwp%2Fv2%2Ftags&post=8761"}],"curies":[{"name":"wp","href":"https:\/\/api.w.org\/{rel}","templated":true}]}}