{"id":8768,"date":"2025-10-12T11:04:06","date_gmt":"2025-10-12T11:04:06","guid":{"rendered":"https:\/\/burkinaonline.net\/?p=8768"},"modified":"2025-10-12T11:11:08","modified_gmt":"2025-10-12T11:11:08","slug":"mali-etats-unis-bamako-applique-la-reciprocite-sur-les-visas-americains","status":"publish","type":"post","link":"https:\/\/burkinaonline.net\/?p=8768","title":{"rendered":"Mali\u2013\u00c9tats-Unis : Bamako applique la r\u00e9ciprocit\u00e9 sur les visas am\u00e9ricains"},"content":{"rendered":"<p class=\"p1\">Le Minist\u00e8re malien des Affaires \u00e9trang\u00e8res et de la Coop\u00e9ration internationale a publi\u00e9, le 11 octobre 2025, un communiqu\u00e9 annon\u00e7ant la d\u00e9cision du Gouvernement du Mali d\u2019appliquer le principe de r\u00e9ciprocit\u00e9 en mati\u00e8re de visas vis-\u00e0-vis des \u00c9tats-Unis d\u2019Am\u00e9rique.<\/p>\n<p class=\"p1\"><span class=\"s1\">Cette d\u00e9cision fait suite \u00e0 la mise en place, par les autorit\u00e9s am\u00e9ricaines, d\u2019un programme pilote de caution de visa destin\u00e9 aux ressortissants maliens, \u00e0 compter du 23 octobre 2025.<\/span><\/p>\n<p class=\"p1\"><span class=\"s1\">Selon le communiqu\u00e9, ce programme am\u00e9ricain impose aux Maliens demandant un visa d\u2019affaires ou de tourisme (B1\/B2) le versement d\u2019une caution comprise entre 5 000 et 10 000 dollars am\u00e9ricains.<\/span><\/p>\n<p class=\"p1\"><span class=\"s1\">Le minist\u00e8re malien a d\u00e9plor\u00e9 cette mesure jug\u00e9e unilat\u00e9rale, estimant qu\u2019elle \u00ab porte atteinte aux dispositions de l\u2019Accord relatif \u00e0 l\u2019institution du visa de longue dur\u00e9e \u00e0 entr\u00e9es multiples \u00bb conclu entre les deux pays le 14 avril 2005.<\/span><\/p>\n<p class=\"p1\"><span class=\"s1\">En r\u00e9action, Bamako a d\u00e9cid\u00e9 \u00ab d\u2019instaurer un programme de visa identique \u00bb, imposant d\u00e9sormais les m\u00eames conditions et exigences aux ressortissants am\u00e9ricains souhaitant se rendre sur le territoire malien.<\/span><\/p>\n<p class=\"p1\"><span class=\"s1\">Le communiqu\u00e9 pr\u00e9cise que le Mali reste attach\u00e9 \u00e0 la coop\u00e9ration bilat\u00e9rale avec les \u00c9tats-Unis et rappelle la collaboration continue entre les deux pays dans la lutte contre l\u2019immigration irr\u00e9guli\u00e8re, dans le respect du droit et de la dignit\u00e9 humaine.<\/span><\/p>\n<p class=\"p1\"><span class=\"s1\">Le minist\u00e8re r\u00e9affirme enfin l\u2019engagement du Gouvernement malien \u00e0 promouvoir des relations de coop\u00e9ration fructueuses fond\u00e9es sur le dialogue et le respect mutuel.<\/span><\/p>\n<p>Gildas Kinda<\/p>\n<p>www.burkinaonline.net<\/p>\n<p>#BurkinaOnline<\/p>\n<p><a href=\"http:\/\/burkinaonline.net\/wp-content\/uploads\/2025\/10\/IMG_1104.jpeg\"><img fetchpriority=\"high\" decoding=\"async\" class=\"alignnone size-medium wp-image-8771\" src=\"http:\/\/burkinaonline.net\/wp-content\/uploads\/2025\/10\/IMG_1104-214x300.jpeg\" alt=\"\" width=\"214\" height=\"300\" srcset=\"https:\/\/burkinaonline.net\/wp-content\/uploads\/2025\/10\/IMG_1104-214x300.jpeg 214w, https:\/\/burkinaonline.net\/wp-content\/uploads\/2025\/10\/IMG_1104-731x1024.jpeg 731w, https:\/\/burkinaonline.net\/wp-content\/uploads\/2025\/10\/IMG_1104-768x1076.jpeg 768w, https:\/\/burkinaonline.net\/wp-content\/uploads\/2025\/10\/IMG_1104.jpeg 964w\" sizes=\"(max-width: 214px) 100vw, 214px\" \/><\/a><\/p>\n","protected":false},"excerpt":{"rendered":"<p>Le Minist\u00e8re malien des Affaires \u00e9trang\u00e8res et de la Coop\u00e9ration internationale a publi\u00e9, le 11&#8230;<\/p>\n","protected":false},"author":1,"featured_media":8769,"comment_status":"open","ping_status":"open","sticky":false,"template":"","format":"standard","meta":{"footnotes":""},"categories":[8,30,18,11],"tags":[],"class_list":["post-8768","post","type-post","status-publish","format-standard","has-post-thumbnail","hentry","category-post","category-aes","category-international","category-politique"],"_links":{"self":[{"href":"https:\/\/burkinaonline.net\/index.php?rest_route=\/wp\/v2\/posts\/8768","targetHints":{"allow":["GET"]}}],"collection":[{"href":"https:\/\/burkinaonline.net\/index.php?rest_route=\/wp\/v2\/posts"}],"about":[{"href":"https:\/\/burkinaonline.net\/index.php?rest_route=\/wp\/v2\/types\/post"}],"author":[{"embeddable":true,"href":"https:\/\/burkinaonline.net\/index.php?rest_route=\/wp\/v2\/users\/1"}],"replies":[{"embeddable":true,"href":"https:\/\/burkinaonline.net\/index.php?rest_route=%2Fwp%2Fv2%2Fcomments&post=8768"}],"version-history":[{"count":4,"href":"https:\/\/burkinaonline.net\/index.php?rest_route=\/wp\/v2\/posts\/8768\/revisions"}],"predecessor-version":[{"id":8775,"href":"https:\/\/burkinaonline.net\/index.php?rest_route=\/wp\/v2\/posts\/8768\/revisions\/8775"}],"wp:featuredmedia":[{"embeddable":true,"href":"https:\/\/burkinaonline.net\/index.php?rest_route=\/wp\/v2\/media\/8769"}],"wp:attachment":[{"href":"https:\/\/burkinaonline.net\/index.php?rest_route=%2Fwp%2Fv2%2Fmedia&parent=8768"}],"wp:term":[{"taxonomy":"category","embeddable":true,"href":"https:\/\/burkinaonline.net\/index.php?rest_route=%2Fwp%2Fv2%2Fcategories&post=8768"},{"taxonomy":"post_tag","embeddable":true,"href":"https:\/\/burkinaonline.net\/index.php?rest_route=%2Fwp%2Fv2%2Ftags&post=8768"}],"curies":[{"name":"wp","href":"https:\/\/api.w.org\/{rel}","templated":true}]}}