{"id":8776,"date":"2025-10-13T10:49:14","date_gmt":"2025-10-13T10:49:14","guid":{"rendered":"https:\/\/burkinaonline.net\/?p=8776"},"modified":"2025-10-13T10:50:02","modified_gmt":"2025-10-13T10:50:02","slug":"guy-marius-sagna-emu-lors-de-sa-visite-a-ladji-de-kikideni-a-ouagadougou","status":"publish","type":"post","link":"https:\/\/burkinaonline.net\/?p=8776","title":{"rendered":"Burkina Faso: Guy Marius Sagna \u00e9mu lors de sa visite \u00e0 Ladji de Kikideni \u00e0 Ouagadougou"},"content":{"rendered":"<p class=\"p1\"><span class=\"s1\">Ouagadougou, le 13 octobre 2025 &#8211;<span class=\"Apple-converted-space\">\u00a0 <\/span>Dans un message publi\u00e9 sur sa page Facebook, l\u2019homme politique et activiste s\u00e9n\u00e9galais Guy Marius Sagna a partag\u00e9 l\u2019\u00e9motion qu\u2019il a ressentie en rencontrant ce matin \u00e0 Ouagadougou l\u2019acteur burkinab\u00e8 Rasman\u00e9 Ou\u00e9draogo, plus connu sous le nom de Ladji dans la c\u00e9l\u00e8bre s\u00e9rie <\/span><span class=\"s2\">Kikideni<\/span><span class=\"s1\">.<\/span><\/p>\n<p><a href=\"http:\/\/burkinaonline.net\/wp-content\/uploads\/2025\/10\/IMG_1154.jpeg\"><img fetchpriority=\"high\" decoding=\"async\" class=\"size-medium wp-image-8778 aligncenter\" src=\"http:\/\/burkinaonline.net\/wp-content\/uploads\/2025\/10\/IMG_1154-196x300.jpeg\" alt=\"\" width=\"196\" height=\"300\" srcset=\"https:\/\/burkinaonline.net\/wp-content\/uploads\/2025\/10\/IMG_1154-196x300.jpeg 196w, https:\/\/burkinaonline.net\/wp-content\/uploads\/2025\/10\/IMG_1154.jpeg 628w\" sizes=\"(max-width: 196px) 100vw, 196px\" \/><\/a><\/p>\n<p class=\"p1\"><span class=\"s1\">\u00ab Beaucoup d\u2019\u00e9motions en voyant ce matin \u00e0 Ouagadougou (Burkina Faso) notre cher Ladji, excellent com\u00e9dien, r\u00e9alisateur et producteur burkinab\u00e8, connu notamment pour son r\u00f4le dans la s\u00e9rie <\/span><span class=\"s2\">Kikideni<\/span><span class=\"s1\">. La premi\u00e8re chose qu\u2019il m\u2019a dite : \u201cDites \u00e0 Ousmane Sonko\u2026\u201d \u00bb, a \u00e9crit Guy Marius Sagna sur sa page.<\/span><\/p>\n<p class=\"p1\"><span class=\"s1\">Encore marqu\u00e9 par une r\u00e9cente agression, Ladji a re\u00e7u Guy Marius Sagna avec chaleur et dignit\u00e9. Les deux hommes ont \u00e9chang\u00e9 sur la fraternit\u00e9 africaine, la solidarit\u00e9 entre peuples et l\u2019importance de la culture comme vecteur d\u2019unit\u00e9 et de conscience.<\/span><\/p>\n<p><a href=\"http:\/\/burkinaonline.net\/wp-content\/uploads\/2025\/10\/IMG_1151.jpeg\"><img decoding=\"async\" class=\"size-medium wp-image-8779 aligncenter\" src=\"http:\/\/burkinaonline.net\/wp-content\/uploads\/2025\/10\/IMG_1151-300x225.jpeg\" alt=\"\" width=\"300\" height=\"225\" srcset=\"https:\/\/burkinaonline.net\/wp-content\/uploads\/2025\/10\/IMG_1151-300x225.jpeg 300w, https:\/\/burkinaonline.net\/wp-content\/uploads\/2025\/10\/IMG_1151.jpeg 600w\" sizes=\"(max-width: 300px) 100vw, 300px\" \/><\/a><\/p>\n<p class=\"p1\"><span class=\"s1\">\u00c0 travers ce geste, Guy Marius Sagna a voulu exprimer sa proximit\u00e9 avec le Burkina Faso et rendre hommage \u00e0 l\u2019artiste pour son courage et son parcours. L\u2019\u00e9vocation d\u2019Ousmane Sonko par Ladji a ajout\u00e9 une dimension symbolique \u00e0 cette rencontre, t\u00e9moignant du lien profond entre les luttes culturelles et politiques qui traversent le continent.<\/span><\/p>\n<p class=\"p1\"><span class=\"s1\">Cette visite, empreinte de respect et d\u2019\u00e9motion, illustre une fois de plus la force des liens entre les peuples africains et le r\u00f4le d\u00e9terminant de la culture dans la construction d\u2019une Afrique solidaire et \u00e9veill\u00e9e.<\/span><\/p>\n<p>Gildas Kinda<\/p>\n<p>www.burkinaonline.net<\/p>\n","protected":false},"excerpt":{"rendered":"<p>Ouagadougou, le 13 octobre 2025 &#8211;\u00a0 Dans un message publi\u00e9 sur sa page Facebook, l\u2019homme&#8230;<\/p>\n","protected":false},"author":1,"featured_media":8777,"comment_status":"open","ping_status":"open","sticky":false,"template":"","format":"standard","meta":{"footnotes":""},"categories":[8,10,14,18,11],"tags":[],"class_list":["post-8776","post","type-post","status-publish","format-standard","has-post-thumbnail","hentry","category-post","category-burkina-faso","category-culture","category-international","category-politique"],"_links":{"self":[{"href":"https:\/\/burkinaonline.net\/index.php?rest_route=\/wp\/v2\/posts\/8776","targetHints":{"allow":["GET"]}}],"collection":[{"href":"https:\/\/burkinaonline.net\/index.php?rest_route=\/wp\/v2\/posts"}],"about":[{"href":"https:\/\/burkinaonline.net\/index.php?rest_route=\/wp\/v2\/types\/post"}],"author":[{"embeddable":true,"href":"https:\/\/burkinaonline.net\/index.php?rest_route=\/wp\/v2\/users\/1"}],"replies":[{"embeddable":true,"href":"https:\/\/burkinaonline.net\/index.php?rest_route=%2Fwp%2Fv2%2Fcomments&post=8776"}],"version-history":[{"count":2,"href":"https:\/\/burkinaonline.net\/index.php?rest_route=\/wp\/v2\/posts\/8776\/revisions"}],"predecessor-version":[{"id":8781,"href":"https:\/\/burkinaonline.net\/index.php?rest_route=\/wp\/v2\/posts\/8776\/revisions\/8781"}],"wp:featuredmedia":[{"embeddable":true,"href":"https:\/\/burkinaonline.net\/index.php?rest_route=\/wp\/v2\/media\/8777"}],"wp:attachment":[{"href":"https:\/\/burkinaonline.net\/index.php?rest_route=%2Fwp%2Fv2%2Fmedia&parent=8776"}],"wp:term":[{"taxonomy":"category","embeddable":true,"href":"https:\/\/burkinaonline.net\/index.php?rest_route=%2Fwp%2Fv2%2Fcategories&post=8776"},{"taxonomy":"post_tag","embeddable":true,"href":"https:\/\/burkinaonline.net\/index.php?rest_route=%2Fwp%2Fv2%2Ftags&post=8776"}],"curies":[{"name":"wp","href":"https:\/\/api.w.org\/{rel}","templated":true}]}}