{"id":8782,"date":"2025-10-13T12:22:32","date_gmt":"2025-10-13T12:22:32","guid":{"rendered":"https:\/\/burkinaonline.net\/?p=8782"},"modified":"2025-10-13T12:22:32","modified_gmt":"2025-10-13T12:22:32","slug":"crise-a-madagascar-le-president-andry-rajoelina-exfiltre-par-un-avion-militaire-francais","status":"publish","type":"post","link":"https:\/\/burkinaonline.net\/?p=8782","title":{"rendered":"Crise \u00e0 Madagascar : le pr\u00e9sident Andry Rajoelina exfiltr\u00e9 par un avion militaire fran\u00e7ais"},"content":{"rendered":"<p>Le 12 octobre 2025, le pr\u00e9sident malgache Andry Rajoelina aurait \u00e9t\u00e9 exfiltr\u00e9 de Madagascar \u00e0 bord d\u2019un avion militaire fran\u00e7ais. L\u2019op\u00e9ration aurait \u00e9t\u00e9 rendue possible gr\u00e2ce \u00e0 un accord entre le pr\u00e9sident fran\u00e7ais Emmanuel Macron et Andry Rajoelina lui-m\u00eame.<\/p>\n<p>Depuis le 25 septembre 2025, Madagascar est secou\u00e9 par des manifestations populaires contre les coupures d\u2019eau et d\u2019\u00e9lectricit\u00e9, qui ont rapidement \u00e9volu\u00e9 en un mouvement plus large r\u00e9clamant la d\u00e9mission du pr\u00e9sident. La jeunesse malgache, notamment le mouvement \u00ab Gen Z \u00bb, a intensifi\u00e9 la pression sur le gouvernement.<\/p>\n<p>Face \u00e0 cette situation, Andry Rajoelina a nomm\u00e9 le g\u00e9n\u00e9ral Ruphin Fortunat Zafisambo au poste de Premier ministre, mais cette d\u00e9cision n\u2019a pas apais\u00e9 les tensions et a m\u00eame renforc\u00e9 les appels \u00e0 sa d\u00e9mission.<\/p>\n<p>Selon les informations disponibles, le pr\u00e9sident aurait \u00e9t\u00e9 transport\u00e9 depuis la capitale Antananarivo jusqu\u2019\u00e0 l\u2019\u00eele Sainte-Marie, avant d\u2019embarquer \u00e0 bord d\u2019un avion militaire fran\u00e7ais. Apr\u00e8s une escale \u00e0 l\u2019\u00eele Maurice, l\u2019avion se serait dirig\u00e9 vers Duba\u00ef.<\/p>\n<p>Cette exfiltration a provoqu\u00e9 des r\u00e9actions au sein de la diaspora malgache, notamment \u00e0 La R\u00e9union, o\u00f9 certains d\u00e9noncent une ing\u00e9rence dans les affaires int\u00e9rieures de Madagascar. La destination finale du pr\u00e9sident reste inconnue et la situation dans le pays demeure tendue, avec des appels continus \u00e0 la d\u00e9mission et \u00e0 des r\u00e9formes politiques profondes.<\/p>\n<p>Gildas Kinda<\/p>\n<p>www.burkinaonline.net<\/p>\n<p>#BurkinaOnline<\/p>\n","protected":false},"excerpt":{"rendered":"<p>Le 12 octobre 2025, le pr\u00e9sident malgache Andry Rajoelina aurait \u00e9t\u00e9 exfiltr\u00e9 de Madagascar \u00e0&#8230;<\/p>\n","protected":false},"author":1,"featured_media":8784,"comment_status":"open","ping_status":"open","sticky":false,"template":"","format":"standard","meta":{"footnotes":""},"categories":[8,18,11],"tags":[],"class_list":["post-8782","post","type-post","status-publish","format-standard","has-post-thumbnail","hentry","category-post","category-international","category-politique"],"_links":{"self":[{"href":"https:\/\/burkinaonline.net\/index.php?rest_route=\/wp\/v2\/posts\/8782","targetHints":{"allow":["GET"]}}],"collection":[{"href":"https:\/\/burkinaonline.net\/index.php?rest_route=\/wp\/v2\/posts"}],"about":[{"href":"https:\/\/burkinaonline.net\/index.php?rest_route=\/wp\/v2\/types\/post"}],"author":[{"embeddable":true,"href":"https:\/\/burkinaonline.net\/index.php?rest_route=\/wp\/v2\/users\/1"}],"replies":[{"embeddable":true,"href":"https:\/\/burkinaonline.net\/index.php?rest_route=%2Fwp%2Fv2%2Fcomments&post=8782"}],"version-history":[{"count":1,"href":"https:\/\/burkinaonline.net\/index.php?rest_route=\/wp\/v2\/posts\/8782\/revisions"}],"predecessor-version":[{"id":8785,"href":"https:\/\/burkinaonline.net\/index.php?rest_route=\/wp\/v2\/posts\/8782\/revisions\/8785"}],"wp:featuredmedia":[{"embeddable":true,"href":"https:\/\/burkinaonline.net\/index.php?rest_route=\/wp\/v2\/media\/8784"}],"wp:attachment":[{"href":"https:\/\/burkinaonline.net\/index.php?rest_route=%2Fwp%2Fv2%2Fmedia&parent=8782"}],"wp:term":[{"taxonomy":"category","embeddable":true,"href":"https:\/\/burkinaonline.net\/index.php?rest_route=%2Fwp%2Fv2%2Fcategories&post=8782"},{"taxonomy":"post_tag","embeddable":true,"href":"https:\/\/burkinaonline.net\/index.php?rest_route=%2Fwp%2Fv2%2Ftags&post=8782"}],"curies":[{"name":"wp","href":"https:\/\/api.w.org\/{rel}","templated":true}]}}