{"id":8863,"date":"2025-11-05T08:44:53","date_gmt":"2025-11-05T08:44:53","guid":{"rendered":"https:\/\/burkinaonline.net\/?p=8863"},"modified":"2025-11-05T08:44:53","modified_gmt":"2025-11-05T08:44:53","slug":"cour-dappel-camille-ye-et-tiegnan-saccusent-mutuellement","status":"publish","type":"post","link":"https:\/\/burkinaonline.net\/?p=8863","title":{"rendered":"Cour d\u2019appel  : Camille Y\u00e9 et Ti\u00e9gnan s\u2019accusent mutuellement"},"content":{"rendered":"<p class=\"p1\">Le proc\u00e8s en appel du vaste d\u00e9tournement pr\u00e9sum\u00e9 de plus de trois milliards de francs CFA au minist\u00e8re de l\u2019Action humanitaire s\u2019est poursuivi, mardi 4 novembre 2025, devant la Cour d\u2019appel de Ouagadougou. Au centre des d\u00e9bats : Camille Y\u00e9 Yak\u00e9, ancien Directeur de la gestion des finances (DGEF), entendu comme t\u00e9moin, mais dont le r\u00f4le continue de susciter de fortes interrogations.<\/p>\n<p class=\"p1\"><span class=\"s1\">Arriv\u00e9 au minist\u00e8re en mars 2023, Camille Y\u00e9 affirme avoir d\u00e9couvert en septembre 2024 d\u2019importantes sorties d\u2019argent sur le compte g\u00e9r\u00e9 par son subordonn\u00e9, Amidou Ti\u00e9gnan, principal accus\u00e9 dans cette affaire. Il reconna\u00eet avoir constat\u00e9 plusieurs op\u00e9rations suspectes, mais nie toute implication personnelle. Selon lui, Ti\u00e9gnan aurait imit\u00e9 sa signature pour encaisser des ch\u00e8ques sans son autorisation.<\/span><\/p>\n<p class=\"p1\"><span class=\"s1\">Toutefois, \u00e0 la barre, Amidou Ti\u00e9gnan maintient une version oppos\u00e9e : il accuse Y\u00e9 d\u2019avoir orchestr\u00e9 l\u2019ensemble du syst\u00e8me. Il affirme s\u2019\u00eatre entra\u00een\u00e9 \u00e0 imiter sa signature sous les directives de son sup\u00e9rieur, allant jusqu\u2019\u00e0 lui envoyer des essais pour validation. Salifou Ou\u00e9draogo, \u00e9galement impliqu\u00e9, soutient ces accusations et parle d\u2019un \u00ab partage \u00bb op\u00e9r\u00e9 entre les trois hommes.<\/span><\/p>\n<p class=\"p1\"><span class=\"s1\">Face \u00e0 ces d\u00e9clarations, le procureur g\u00e9n\u00e9ral a rappel\u00e9 \u00e0 Ti\u00e9gnan sa responsabilit\u00e9 personnelle : \u00ab Vous pouviez refuser \u00bb, l\u2019a-t-il recadr\u00e9, soulignant qu\u2019il avait agi en pleine conscience des actes pos\u00e9s.<\/span><\/p>\n<p class=\"p1\"><span class=\"s1\">Camille Y\u00e9, lui, affirme avoir alert\u00e9 \u00e0 plusieurs reprises sur les irr\u00e9gularit\u00e9s, allant jusqu\u2019\u00e0 adresser une note \u00e9crite. Il reconna\u00eet toutefois n\u2019avoir jamais sanctionn\u00e9 son gestionnaire de compte, expliquant qu\u2019il manquait d\u2019alternatives et que le rapport de l\u2019ASCE-LC n\u2019avait pas recommand\u00e9 son remplacement.<\/span><\/p>\n<p class=\"p1\"><span class=\"s1\">Un \u00e9l\u00e9ment surprenant a \u00e9galement \u00e9t\u00e9 relev\u00e9 : les parties ont toutes convenu que Camille Y\u00e9 ne devait pas pr\u00eater serment, car il est vis\u00e9 par une autre proc\u00e9dure ouverte apr\u00e8s le verdict de premi\u00e8re instance.<\/span><\/p>\n<p class=\"p1\"><span class=\"s1\">L\u2019audience, suspendue dans l\u2019apr\u00e8s-midi, doit reprendre ce 5 novembre 2025 avec la constitution des parties civiles et la comparution d\u2019autres t\u00e9moins. Un proc\u00e8s o\u00f9 les versions contradictoires et les accusations crois\u00e9es continuent d\u2019alimenter le flou sur l\u2019ampleur r\u00e9elle du r\u00e9seau et les responsabilit\u00e9s de chacun.<\/span><\/p>\n<p>Nak\u00e9 Alex<\/p>\n<p>www.burkinaonline.net<\/p>\n","protected":false},"excerpt":{"rendered":"<p>Le proc\u00e8s en appel du vaste d\u00e9tournement pr\u00e9sum\u00e9 de plus de trois milliards de francs&#8230;<\/p>\n","protected":false},"author":1,"featured_media":8864,"comment_status":"open","ping_status":"open","sticky":false,"template":"","format":"standard","meta":{"footnotes":""},"categories":[8,10,13],"tags":[],"class_list":["post-8863","post","type-post","status-publish","format-standard","has-post-thumbnail","hentry","category-post","category-burkina-faso","category-societe"],"_links":{"self":[{"href":"https:\/\/burkinaonline.net\/index.php?rest_route=\/wp\/v2\/posts\/8863","targetHints":{"allow":["GET"]}}],"collection":[{"href":"https:\/\/burkinaonline.net\/index.php?rest_route=\/wp\/v2\/posts"}],"about":[{"href":"https:\/\/burkinaonline.net\/index.php?rest_route=\/wp\/v2\/types\/post"}],"author":[{"embeddable":true,"href":"https:\/\/burkinaonline.net\/index.php?rest_route=\/wp\/v2\/users\/1"}],"replies":[{"embeddable":true,"href":"https:\/\/burkinaonline.net\/index.php?rest_route=%2Fwp%2Fv2%2Fcomments&post=8863"}],"version-history":[{"count":1,"href":"https:\/\/burkinaonline.net\/index.php?rest_route=\/wp\/v2\/posts\/8863\/revisions"}],"predecessor-version":[{"id":8865,"href":"https:\/\/burkinaonline.net\/index.php?rest_route=\/wp\/v2\/posts\/8863\/revisions\/8865"}],"wp:featuredmedia":[{"embeddable":true,"href":"https:\/\/burkinaonline.net\/index.php?rest_route=\/wp\/v2\/media\/8864"}],"wp:attachment":[{"href":"https:\/\/burkinaonline.net\/index.php?rest_route=%2Fwp%2Fv2%2Fmedia&parent=8863"}],"wp:term":[{"taxonomy":"category","embeddable":true,"href":"https:\/\/burkinaonline.net\/index.php?rest_route=%2Fwp%2Fv2%2Fcategories&post=8863"},{"taxonomy":"post_tag","embeddable":true,"href":"https:\/\/burkinaonline.net\/index.php?rest_route=%2Fwp%2Fv2%2Ftags&post=8863"}],"curies":[{"name":"wp","href":"https:\/\/api.w.org\/{rel}","templated":true}]}}