{"id":8871,"date":"2025-11-05T10:15:57","date_gmt":"2025-11-05T10:15:57","guid":{"rendered":"https:\/\/burkinaonline.net\/?p=8871"},"modified":"2025-11-05T10:15:57","modified_gmt":"2025-11-05T10:15:57","slug":"mali-les-etats-unis-felicitent-larmee-malienne-et-annoncent-une-cooperation-renforcee-contre-le-jnim","status":"publish","type":"post","link":"https:\/\/burkinaonline.net\/?p=8871","title":{"rendered":"Mali : les \u00c9tats-Unis f\u00e9licitent l\u2019arm\u00e9e malienne et annoncent une coop\u00e9ration renforc\u00e9e contre le JNIM"},"content":{"rendered":"<p class=\"p2\">Bamako &#8211; Dans un message publi\u00e9 sur le r\u00e9seau X (ex-Twitter), Christopher Landau, secr\u00e9taire d\u2019\u00c9tat adjoint des \u00c9tats-Unis, a salu\u00e9 les efforts des forces arm\u00e9es maliennes dans la lutte contre les terroristes affili\u00e9s \u00e0 Al\u2011Qa\u00efda, notamment le Jama\u2019at Nusrat al\u2011Islam wal\u2011Muslimin (JNIM). \u00ab Les \u00c9tats-Unis f\u00e9licitent les forces arm\u00e9es du Mali pour leur lutte contre les militants extr\u00e9mistes islamistes. J\u2019ai eu aujourd\u2019hui un excellent entretien avec le ministre des Affaires \u00e9trang\u00e8res du Mali, Abdoulaye Diop, afin d\u2019\u00e9voquer nos int\u00e9r\u00eats communs en mati\u00e8re de s\u00e9curit\u00e9 dans la r\u00e9gion. Je me r\u00e9jouis de cette future coop\u00e9ration \u00bb, a-t-il d\u00e9clar\u00e9.<\/p>\n<p class=\"p2\"><span class=\"s1\">La publication a \u00e9t\u00e9 relay\u00e9e par l\u2019ambassade des \u00c9tats-Unis au Mali sur sa page Facebook officielle, t\u00e9moignant de la volont\u00e9 de Washington de mettre en lumi\u00e8re son engagement diplomatique et s\u00e9curitaire dans le Sahel.<\/span><\/p>\n<p class=\"p2\"><span class=\"s1\">Depuis septembre 2025, JNIM a men\u00e9 plusieurs attaques contre des convois de carburant et instaur\u00e9 un blocus visant \u00e0 perturber l\u2019approvisionnement du pays. Cette situation a aggrav\u00e9 les risques s\u00e9curitaires et conduit le d\u00e9partement d\u2019\u00c9tat am\u00e9ricain \u00e0 ordonner le d\u00e9part des employ\u00e9s non essentiels et de leurs familles.<\/span><\/p>\n<p class=\"p2\"><span class=\"s1\">L\u2019entretien entre Landau et le ministre Abdoulaye Diop souligne la volont\u00e9 des deux pays de renforcer leur coop\u00e9ration en mati\u00e8re de s\u00e9curit\u00e9 r\u00e9gionale, bien que les d\u00e9tails pr\u00e9cis des mesures envisag\u00e9es (soutien logistique, formation ou partage de renseignement ) n\u2019aient pas \u00e9t\u00e9 rendus publics. Cette annonce survient dans un contexte de multiplication des attaques du JNIM, qui continuent de repr\u00e9senter une menace s\u00e9rieuse pour la stabilit\u00e9 du Mali et de la r\u00e9gion.<\/span><\/p>\n<p class=\"p2\"><span class=\"s1\">Cette initiative diplomatique am\u00e9ricaine envoie un signal fort : soutenir l\u2019arm\u00e9e malienne dans sa lutte contre le terrorisme, tout en consolidant la coop\u00e9ration bilat\u00e9rale pour la s\u00e9curit\u00e9 du Sahel. Pour les pays voisins, y compris le Burkina Faso, cette dynamique est \u00e0 suivre de pr\u00e8s, car elle pourrait avoir des implications directes sur la s\u00e9curit\u00e9 transfrontali\u00e8re et les op\u00e9rations conjointes de lutte contre les groupes terroristes.<\/span><\/p>\n<p class=\"p2\"><span class=\"s1\">Gilda Kinda<\/span><\/p>\n<p class=\"p2\"><span class=\"s1\">www.burkinaonline.net<\/span><\/p>\n","protected":false},"excerpt":{"rendered":"<p>Bamako &#8211; Dans un message publi\u00e9 sur le r\u00e9seau X (ex-Twitter), Christopher Landau, secr\u00e9taire d\u2019\u00c9tat&#8230;<\/p>\n","protected":false},"author":1,"featured_media":8872,"comment_status":"open","ping_status":"open","sticky":false,"template":"","format":"standard","meta":{"footnotes":""},"categories":[8,30,18,11],"tags":[],"class_list":["post-8871","post","type-post","status-publish","format-standard","has-post-thumbnail","hentry","category-post","category-aes","category-international","category-politique"],"_links":{"self":[{"href":"https:\/\/burkinaonline.net\/index.php?rest_route=\/wp\/v2\/posts\/8871","targetHints":{"allow":["GET"]}}],"collection":[{"href":"https:\/\/burkinaonline.net\/index.php?rest_route=\/wp\/v2\/posts"}],"about":[{"href":"https:\/\/burkinaonline.net\/index.php?rest_route=\/wp\/v2\/types\/post"}],"author":[{"embeddable":true,"href":"https:\/\/burkinaonline.net\/index.php?rest_route=\/wp\/v2\/users\/1"}],"replies":[{"embeddable":true,"href":"https:\/\/burkinaonline.net\/index.php?rest_route=%2Fwp%2Fv2%2Fcomments&post=8871"}],"version-history":[{"count":1,"href":"https:\/\/burkinaonline.net\/index.php?rest_route=\/wp\/v2\/posts\/8871\/revisions"}],"predecessor-version":[{"id":8873,"href":"https:\/\/burkinaonline.net\/index.php?rest_route=\/wp\/v2\/posts\/8871\/revisions\/8873"}],"wp:featuredmedia":[{"embeddable":true,"href":"https:\/\/burkinaonline.net\/index.php?rest_route=\/wp\/v2\/media\/8872"}],"wp:attachment":[{"href":"https:\/\/burkinaonline.net\/index.php?rest_route=%2Fwp%2Fv2%2Fmedia&parent=8871"}],"wp:term":[{"taxonomy":"category","embeddable":true,"href":"https:\/\/burkinaonline.net\/index.php?rest_route=%2Fwp%2Fv2%2Fcategories&post=8871"},{"taxonomy":"post_tag","embeddable":true,"href":"https:\/\/burkinaonline.net\/index.php?rest_route=%2Fwp%2Fv2%2Ftags&post=8871"}],"curies":[{"name":"wp","href":"https:\/\/api.w.org\/{rel}","templated":true}]}}