{"id":8874,"date":"2025-11-05T11:11:58","date_gmt":"2025-11-05T11:11:58","guid":{"rendered":"https:\/\/burkinaonline.net\/?p=8874"},"modified":"2025-11-05T11:12:16","modified_gmt":"2025-11-05T11:12:16","slug":"la-cedeao-alerte-sur-la-montee-du-terrorisme-en-afrique-de-louest-et-appelle-a-la-solidarite-internationale","status":"publish","type":"post","link":"https:\/\/burkinaonline.net\/?p=8874","title":{"rendered":"La CEDEAO alerte sur la mont\u00e9e du terrorisme en Afrique de l\u2019Ouest et appelle \u00e0 la solidarit\u00e9 internationale"},"content":{"rendered":"<p class=\"p1\">Abuja, 4 novembre 2025 \u2013 La Communaut\u00e9 \u00c9conomique des \u00c9tats de l\u2019Afrique de l\u2019Ouest (CEDEAO) tire la sonnette d\u2019alarme face \u00e0 la recrudescence des attaques terroristes dans la r\u00e9gion, en particulier au Nigeria. Dans un communiqu\u00e9 publi\u00e9 ce lundi, l\u2019organisation r\u00e9gionale souligne que les groupes terroristes continuent de viser des civils innocents, sans distinction de religion, d\u2019origine ethnique ou d\u2019\u00e2ge.<\/p>\n<p class=\"p1\"><span class=\"s1\">La CEDEAO insiste sur le fait que ces actes de violence touchent toutes les communaut\u00e9s (musulmans, chr\u00e9tiens et adeptes d\u2019autres religions) et d\u00e9nonce les all\u00e9gations selon lesquelles certains groupes religieux seraient sp\u00e9cifiquement cibl\u00e9s. \u00ab La violence li\u00e9e au terrorisme ne fait aucune distinction. Nous rejetons fermement ces accusations fausses et dangereuses qui menacent la coh\u00e9sion sociale dans nos pays \u00bb, affirme le communiqu\u00e9.<\/span><\/p>\n<p class=\"p1\"><span class=\"s1\">L\u2019organisation appelle les Nations unies et ses partenaires internationaux \u00e0 soutenir les \u00c9tats membres dans leur lutte contre le terrorisme, afin de prot\u00e9ger toutes les communaut\u00e9s et de renforcer la s\u00e9curit\u00e9 dans la r\u00e9gion.<\/span><\/p>\n<p class=\"p1\"><span class=\"s1\">Face \u00e0 la menace persistante, la CEDEAO exhorte le monde entier \u00e0 se mobiliser aux c\u00f4t\u00e9s des pays d\u2019Afrique de l\u2019Ouest pour combattre le terrorisme et soutenir la stabilit\u00e9 r\u00e9gionale.<\/span><\/p>\n<p>Alex Nak\u00e9<\/p>\n<p>www.burkinaonline.net<\/p>\n<p><a href=\"http:\/\/burkinaonline.net\/wp-content\/uploads\/2025\/11\/IMG_1892.jpeg\"><img fetchpriority=\"high\" decoding=\"async\" class=\"alignnone size-medium wp-image-8877\" src=\"http:\/\/burkinaonline.net\/wp-content\/uploads\/2025\/11\/IMG_1892-212x300.jpeg\" alt=\"\" width=\"212\" height=\"300\" srcset=\"https:\/\/burkinaonline.net\/wp-content\/uploads\/2025\/11\/IMG_1892-212x300.jpeg 212w, https:\/\/burkinaonline.net\/wp-content\/uploads\/2025\/11\/IMG_1892-724x1024.jpeg 724w, https:\/\/burkinaonline.net\/wp-content\/uploads\/2025\/11\/IMG_1892-768x1087.jpeg 768w, https:\/\/burkinaonline.net\/wp-content\/uploads\/2025\/11\/IMG_1892-1085x1536.jpeg 1085w, https:\/\/burkinaonline.net\/wp-content\/uploads\/2025\/11\/IMG_1892-1024x1449.jpeg 1024w, https:\/\/burkinaonline.net\/wp-content\/uploads\/2025\/11\/IMG_1892.jpeg 1240w\" sizes=\"(max-width: 212px) 100vw, 212px\" \/><\/a><\/p>\n","protected":false},"excerpt":{"rendered":"<p>Abuja, 4 novembre 2025 \u2013 La Communaut\u00e9 \u00c9conomique des \u00c9tats de l\u2019Afrique de l\u2019Ouest (CEDEAO)&#8230;<\/p>\n","protected":false},"author":1,"featured_media":8875,"comment_status":"open","ping_status":"open","sticky":false,"template":"","format":"standard","meta":{"footnotes":""},"categories":[8,18,11,13],"tags":[],"class_list":["post-8874","post","type-post","status-publish","format-standard","has-post-thumbnail","hentry","category-post","category-international","category-politique","category-societe"],"_links":{"self":[{"href":"https:\/\/burkinaonline.net\/index.php?rest_route=\/wp\/v2\/posts\/8874","targetHints":{"allow":["GET"]}}],"collection":[{"href":"https:\/\/burkinaonline.net\/index.php?rest_route=\/wp\/v2\/posts"}],"about":[{"href":"https:\/\/burkinaonline.net\/index.php?rest_route=\/wp\/v2\/types\/post"}],"author":[{"embeddable":true,"href":"https:\/\/burkinaonline.net\/index.php?rest_route=\/wp\/v2\/users\/1"}],"replies":[{"embeddable":true,"href":"https:\/\/burkinaonline.net\/index.php?rest_route=%2Fwp%2Fv2%2Fcomments&post=8874"}],"version-history":[{"count":2,"href":"https:\/\/burkinaonline.net\/index.php?rest_route=\/wp\/v2\/posts\/8874\/revisions"}],"predecessor-version":[{"id":8878,"href":"https:\/\/burkinaonline.net\/index.php?rest_route=\/wp\/v2\/posts\/8874\/revisions\/8878"}],"wp:featuredmedia":[{"embeddable":true,"href":"https:\/\/burkinaonline.net\/index.php?rest_route=\/wp\/v2\/media\/8875"}],"wp:attachment":[{"href":"https:\/\/burkinaonline.net\/index.php?rest_route=%2Fwp%2Fv2%2Fmedia&parent=8874"}],"wp:term":[{"taxonomy":"category","embeddable":true,"href":"https:\/\/burkinaonline.net\/index.php?rest_route=%2Fwp%2Fv2%2Fcategories&post=8874"},{"taxonomy":"post_tag","embeddable":true,"href":"https:\/\/burkinaonline.net\/index.php?rest_route=%2Fwp%2Fv2%2Ftags&post=8874"}],"curies":[{"name":"wp","href":"https:\/\/api.w.org\/{rel}","templated":true}]}}