{"id":8883,"date":"2025-11-09T11:19:14","date_gmt":"2025-11-09T11:19:14","guid":{"rendered":"https:\/\/burkinaonline.net\/?p=8883"},"modified":"2025-11-09T11:19:14","modified_gmt":"2025-11-09T11:19:14","slug":"le-president-interimaire-syrien-ahmad-al-chareh-en-visite-officielle-a-washington","status":"publish","type":"post","link":"https:\/\/burkinaonline.net\/?p=8883","title":{"rendered":"Le pr\u00e9sident int\u00e9rimaire syrien Ahmad al-Chareh en visite officielle \u00e0 Washington"},"content":{"rendered":"<p class=\"p1\">Le pr\u00e9sident int\u00e9rimaire syrien Ahmad al-Chareh entame une visite officielle in\u00e9dite aux \u00c9tats-Unis. Il doit \u00eatre re\u00e7u lundi \u00e0 la Maison Blanche par le pr\u00e9sident Donald Trump, marquant un rapprochement diplomatique significatif entre Washington et Damas. Il s\u2019agit de la premi\u00e8re visite bilat\u00e9rale d\u2019un chef d\u2019\u00c9tat syrien aux \u00c9tats-Unis depuis l\u2019ind\u00e9pendance de la Syrie en 1946.<\/p>\n<p class=\"p1\"><span class=\"s1\">Contexte de la visite<\/span><\/p>\n<p class=\"p1\"><span class=\"s1\">Cette visite intervient au lendemain du retrait d\u2019Al-Chareh de la liste noire am\u00e9ricaine des personnalit\u00e9s li\u00e9es au terrorisme, une mesure qui suit la lev\u00e9e des sanctions par le Conseil de s\u00e9curit\u00e9 de l\u2019ONU. Pour les autorit\u00e9s syriennes, cette d\u00e9marche est per\u00e7ue comme un geste de reconnaissance internationale et un pas vers la normalisation des relations avec les pays occidentaux.<\/span><\/p>\n<p class=\"p1\"><span class=\"s1\">Objectifs principaux<\/span><\/p>\n<p class=\"p1\"><span class=\"s1\">La visite vise plusieurs axes :<\/span><\/p>\n<p class=\"p3\"><span class=\"s1\"> \u2022 Reconstruction et relance \u00e9conomique : Al-Chareh souhaite que les sanctions restantes soient lev\u00e9es afin de permettre la reconstruction des infrastructures et le retour des r\u00e9fugi\u00e9s apr\u00e8s plus d\u2019une d\u00e9cennie de conflit.<\/span><\/p>\n<p class=\"p3\"><span class=\"s1\"> \u2022 Coop\u00e9ration s\u00e9curitaire et lutte contre le terrorisme : Le pr\u00e9sident syrien veut finaliser l\u2019adh\u00e9sion de la Syrie \u00e0 la coalition internationale anti-jihadistes et mettre en place un cadre de coop\u00e9ration pour consolider la s\u00e9curit\u00e9 nationale et r\u00e9gionale.<\/span><\/p>\n<p class=\"p3\"><span class=\"s1\"> \u2022 Rencontre avec le pr\u00e9sident am\u00e9ricain : La rencontre avec Donald Trump doit permettre d\u2019\u00e9tablir un dialogue direct sur les engagements r\u00e9ciproques, notamment en mati\u00e8re de s\u00e9curit\u00e9 et de soutien \u00e9conomique.<\/span><\/p>\n<p class=\"p1\"><span class=\"s1\">Contexte politique et transition syrienne<\/span><\/p>\n<p class=\"p1\"><span class=\"s1\">Cette visite s\u2019inscrit dans la transition politique syrienne apr\u00e8s la chute de Bachar al-Assad. Ahmad al-Chareh, ancien chef du groupe Hayat Tahrir al-Sham, cherche \u00e0 obtenir une reconnaissance internationale minimale pour son r\u00e9gime int\u00e9rimaire et \u00e0 d\u00e9montrer sa capacit\u00e9 \u00e0 dialoguer avec les puissances occidentales.<\/span><\/p>\n<p class=\"p1\"><span class=\"s1\">R\u00e9flexion pour le Sahel<\/span><\/p>\n<p class=\"p1\"><span class=\"s1\">Le cas syrien montre qu\u2019un ancien terroriste peut acc\u00e9der au pouvoir et \u00eatre r\u00e9habilit\u00e9 politiquement par les pays occidentaux. Cela doit alerter le Sahel : certains groupes terroristes pourraient chercher \u00e0 reproduire un sc\u00e9nario similaire dans la r\u00e9gion. C\u2019est ce qui se joue actuellement au Mali, o\u00f9 certains m\u00e9dias pr\u00e9sentent d\u00e9j\u00e0 des terroristes comme une alternative politique. Il faut rester vigilant quant \u00e0 la probabilit\u00e9<span class=\"Apple-converted-space\">\u00a0 <\/span>d\u2019un tel sc\u00e9nario dans la r\u00e9gion.<\/span><\/p>\n<p class=\"p1\"><span class=\"s1\">Gildas Kinda <\/span><\/p>\n<p class=\"p1\"><span class=\"s1\">www.burkinaonline.net<\/span><\/p>\n<p class=\"p1\"><span class=\"s1\">#BurkinaOnline <\/span><\/p>\n","protected":false},"excerpt":{"rendered":"<p>Le pr\u00e9sident int\u00e9rimaire syrien Ahmad al-Chareh entame une visite officielle in\u00e9dite aux \u00c9tats-Unis. Il doit&#8230;<\/p>\n","protected":false},"author":1,"featured_media":8884,"comment_status":"open","ping_status":"open","sticky":false,"template":"","format":"standard","meta":{"footnotes":""},"categories":[8,15,18,11],"tags":[],"class_list":["post-8883","post","type-post","status-publish","format-standard","has-post-thumbnail","hentry","category-post","category-economie","category-international","category-politique"],"_links":{"self":[{"href":"https:\/\/burkinaonline.net\/index.php?rest_route=\/wp\/v2\/posts\/8883","targetHints":{"allow":["GET"]}}],"collection":[{"href":"https:\/\/burkinaonline.net\/index.php?rest_route=\/wp\/v2\/posts"}],"about":[{"href":"https:\/\/burkinaonline.net\/index.php?rest_route=\/wp\/v2\/types\/post"}],"author":[{"embeddable":true,"href":"https:\/\/burkinaonline.net\/index.php?rest_route=\/wp\/v2\/users\/1"}],"replies":[{"embeddable":true,"href":"https:\/\/burkinaonline.net\/index.php?rest_route=%2Fwp%2Fv2%2Fcomments&post=8883"}],"version-history":[{"count":1,"href":"https:\/\/burkinaonline.net\/index.php?rest_route=\/wp\/v2\/posts\/8883\/revisions"}],"predecessor-version":[{"id":8885,"href":"https:\/\/burkinaonline.net\/index.php?rest_route=\/wp\/v2\/posts\/8883\/revisions\/8885"}],"wp:featuredmedia":[{"embeddable":true,"href":"https:\/\/burkinaonline.net\/index.php?rest_route=\/wp\/v2\/media\/8884"}],"wp:attachment":[{"href":"https:\/\/burkinaonline.net\/index.php?rest_route=%2Fwp%2Fv2%2Fmedia&parent=8883"}],"wp:term":[{"taxonomy":"category","embeddable":true,"href":"https:\/\/burkinaonline.net\/index.php?rest_route=%2Fwp%2Fv2%2Fcategories&post=8883"},{"taxonomy":"post_tag","embeddable":true,"href":"https:\/\/burkinaonline.net\/index.php?rest_route=%2Fwp%2Fv2%2Ftags&post=8883"}],"curies":[{"name":"wp","href":"https:\/\/api.w.org\/{rel}","templated":true}]}}