{"id":8890,"date":"2025-11-10T13:09:45","date_gmt":"2025-11-10T13:09:45","guid":{"rendered":"https:\/\/burkinaonline.net\/?p=8890"},"modified":"2025-11-10T13:09:45","modified_gmt":"2025-11-10T13:09:45","slug":"presidentielle-en-guinee-2025-la-candidature-de-toumba-declaree-irrecevable-pour-absence-de-document-medical-attestant-de-son-etat-de-sante-physique-et-mentale","status":"publish","type":"post","link":"https:\/\/burkinaonline.net\/?p=8890","title":{"rendered":"Pr\u00e9sidentielle en Guin\u00e9e 2025 : la candidature de Toumba d\u00e9clar\u00e9e irrecevable pour absence de document m\u00e9dical attestant de son \u00e9tat de sant\u00e9 physique et mentale"},"content":{"rendered":"<p class=\"p1\">Aboubacar Sidiki Diakit\u00e9, plus connu sous le surnom de \u00ab\u202fToumba\u202f\u00bb, ne participera pas \u00e0 l\u2019\u00e9lection pr\u00e9sidentielle guin\u00e9enne pr\u00e9vue le 28 d\u00e9cembre 2025. Sa candidature a \u00e9t\u00e9 d\u00e9clar\u00e9e irrecevable par la Cour supr\u00eame de Guin\u00e9e, non pas en raison de son statut de d\u00e9tenu ou de ses ant\u00e9c\u00e9dents judiciaires, mais pour un motif administratif li\u00e9 \u00e0 la loi \u00e9lectorale.<\/p>\n<p class=\"p1\"><span class=\"s1\">Selon le vice-pr\u00e9sident de la Cour supr\u00eame, Yaya Boiro, le dossier de Toumba ne comportait pas de document m\u00e9dical attestant de son \u00e9tat de sant\u00e9 physique et mentale, exig\u00e9 pour valider une candidature pr\u00e9sidentielle. Cette exigence vise \u00e0 garantir que tous les candidats remplissent les conditions l\u00e9gales n\u00e9cessaires pour briguer la magistrature supr\u00eame.<\/span><\/p>\n<p class=\"p1\"><span class=\"s1\">Toumba, ancien aide de camp du capitaine Moussa Dadis Camara, purge actuellement une peine \u00e0 la maison centrale de Conakry, li\u00e9e aux \u00e9v\u00e9nements du 28 septembre 2009. Bien que cette condamnation n\u2019ait pas \u00e9t\u00e9 invoqu\u00e9e pour son exclusion, l\u2019absence de certificat m\u00e9dical valide a suffi pour que la Cour supr\u00eame rejette sa candidature.<\/span><\/p>\n<p class=\"p1\"><span class=\"s1\">Les autorit\u00e9s \u00e9lectorales guin\u00e9ennes insistent sur le respect strict des crit\u00e8res l\u00e9gaux pour tous les postulants, rappelant que toute omission de document obligatoire entra\u00eene l\u2019irrecevabilit\u00e9 de la candidature.<\/span><\/p>\n<p>Gildas Kinda<\/p>\n<p>www.burkinaonline.net<\/p>\n","protected":false},"excerpt":{"rendered":"<p>Aboubacar Sidiki Diakit\u00e9, plus connu sous le surnom de \u00ab\u202fToumba\u202f\u00bb, ne participera pas \u00e0 l\u2019\u00e9lection&#8230;<\/p>\n","protected":false},"author":1,"featured_media":8891,"comment_status":"open","ping_status":"open","sticky":false,"template":"","format":"standard","meta":{"footnotes":""},"categories":[8,11],"tags":[],"class_list":["post-8890","post","type-post","status-publish","format-standard","has-post-thumbnail","hentry","category-post","category-politique"],"_links":{"self":[{"href":"https:\/\/burkinaonline.net\/index.php?rest_route=\/wp\/v2\/posts\/8890","targetHints":{"allow":["GET"]}}],"collection":[{"href":"https:\/\/burkinaonline.net\/index.php?rest_route=\/wp\/v2\/posts"}],"about":[{"href":"https:\/\/burkinaonline.net\/index.php?rest_route=\/wp\/v2\/types\/post"}],"author":[{"embeddable":true,"href":"https:\/\/burkinaonline.net\/index.php?rest_route=\/wp\/v2\/users\/1"}],"replies":[{"embeddable":true,"href":"https:\/\/burkinaonline.net\/index.php?rest_route=%2Fwp%2Fv2%2Fcomments&post=8890"}],"version-history":[{"count":1,"href":"https:\/\/burkinaonline.net\/index.php?rest_route=\/wp\/v2\/posts\/8890\/revisions"}],"predecessor-version":[{"id":8892,"href":"https:\/\/burkinaonline.net\/index.php?rest_route=\/wp\/v2\/posts\/8890\/revisions\/8892"}],"wp:featuredmedia":[{"embeddable":true,"href":"https:\/\/burkinaonline.net\/index.php?rest_route=\/wp\/v2\/media\/8891"}],"wp:attachment":[{"href":"https:\/\/burkinaonline.net\/index.php?rest_route=%2Fwp%2Fv2%2Fmedia&parent=8890"}],"wp:term":[{"taxonomy":"category","embeddable":true,"href":"https:\/\/burkinaonline.net\/index.php?rest_route=%2Fwp%2Fv2%2Fcategories&post=8890"},{"taxonomy":"post_tag","embeddable":true,"href":"https:\/\/burkinaonline.net\/index.php?rest_route=%2Fwp%2Fv2%2Ftags&post=8890"}],"curies":[{"name":"wp","href":"https:\/\/api.w.org\/{rel}","templated":true}]}}