{"id":8893,"date":"2025-11-10T17:19:49","date_gmt":"2025-11-10T17:19:49","guid":{"rendered":"https:\/\/burkinaonline.net\/?p=8893"},"modified":"2025-11-10T17:21:33","modified_gmt":"2025-11-10T17:21:33","slug":"g20-en-afrique-du-sud-pourquoi-washington-a-choisi-le-boycott","status":"publish","type":"post","link":"https:\/\/burkinaonline.net\/?p=8893","title":{"rendered":"G20 en Afrique du Sud : pourquoi Washington a choisi le boycott"},"content":{"rendered":"<p class=\"p2\">Le sommet du G20 pr\u00e9vu les 22 et 23 novembre 2025 \u00e0 Johannesburg marque une \u00e9tape historique : pour la premi\u00e8re fois, l\u2019\u00e9v\u00e9nement se tient sur le continent africain, avec l\u2019ambition de recentrer le d\u00e9bat mondial sur les priorit\u00e9s du Sud global. Pourtant, cette dynamique est ternie par la d\u00e9cision des \u00c9tats-Unis de boycotter la rencontre, une position qui suscite de vives r\u00e9actions diplomatiques.<\/p>\n<p class=\"p2\"><span class=\"s1\">Un boycott aux motivations politiques<\/span><\/p>\n<p class=\"p2\"><span class=\"s1\">Washington justifie son absence par des inqui\u00e9tudes li\u00e9es au traitement des fermiers blancs en Afrique du Sud et aux tensions autour de la r\u00e9forme fonci\u00e8re. Cette position est pr\u00e9sent\u00e9e comme une d\u00e9fense des \u201cdroits humains\u201d, mais plusieurs observateurs y voient surtout un geste politique destin\u00e9 \u00e0 envoyer un signal \u00e0 l\u2019\u00e9lectorat conservateur am\u00e9ricain.<\/span><\/p>\n<p class=\"p2\"><span class=\"s1\">La r\u00e9action de Pretoria<\/span><\/p>\n<p class=\"p2\"><span class=\"s1\">Le gouvernement sud-africain condamne fermement la d\u00e9cision am\u00e9ricaine et d\u00e9nonce une ing\u00e9rence injustifi\u00e9e. Pretoria assure que les accusations port\u00e9es contre le pays sont exag\u00e9r\u00e9es et s\u2019inscrivent dans un r\u00e9cit politique d\u00e9connect\u00e9 de la r\u00e9alit\u00e9. Pour l\u2019Afrique du Sud, ce boycott cherche \u00e0 affaiblir la port\u00e9e diplomatique du sommet.<\/span><\/p>\n<p class=\"p2\"><span class=\"s1\">Double standard <\/span><\/p>\n<p class=\"p2\"><span class=\"s1\">Washington se mobilise vivement pour les fermiers blancs d\u2019Afrique du Sud ou pour les communaut\u00e9s chr\u00e9tiennes du Nigeria, mais n\u2019affiche pas la m\u00eame \u00e9nergie lorsqu\u2019il s\u2019agit du g\u00e9nocide des Palestiniens de Gaza. Une diff\u00e9rence de traitement qui soul\u00e8ve une question incontournable : sur quoi repose cette logique du deux-poids-deux-mesures ?<\/span><\/p>\n<p class=\"p2\"><span class=\"s1\">Gildas Kinda<\/span><\/p>\n<p class=\"p2\"><span class=\"s1\">www.burkinaonline.net<\/span><\/p>\n<p class=\"p2\"><span class=\"s1\">#BurkinaOnline <\/span><\/p>\n","protected":false},"excerpt":{"rendered":"<p>Le sommet du G20 pr\u00e9vu les 22 et 23 novembre 2025 \u00e0 Johannesburg marque une&#8230;<\/p>\n","protected":false},"author":1,"featured_media":8894,"comment_status":"open","ping_status":"open","sticky":false,"template":"","format":"standard","meta":{"footnotes":""},"categories":[8,18],"tags":[],"class_list":["post-8893","post","type-post","status-publish","format-standard","has-post-thumbnail","hentry","category-post","category-international"],"_links":{"self":[{"href":"https:\/\/burkinaonline.net\/index.php?rest_route=\/wp\/v2\/posts\/8893","targetHints":{"allow":["GET"]}}],"collection":[{"href":"https:\/\/burkinaonline.net\/index.php?rest_route=\/wp\/v2\/posts"}],"about":[{"href":"https:\/\/burkinaonline.net\/index.php?rest_route=\/wp\/v2\/types\/post"}],"author":[{"embeddable":true,"href":"https:\/\/burkinaonline.net\/index.php?rest_route=\/wp\/v2\/users\/1"}],"replies":[{"embeddable":true,"href":"https:\/\/burkinaonline.net\/index.php?rest_route=%2Fwp%2Fv2%2Fcomments&post=8893"}],"version-history":[{"count":2,"href":"https:\/\/burkinaonline.net\/index.php?rest_route=\/wp\/v2\/posts\/8893\/revisions"}],"predecessor-version":[{"id":8896,"href":"https:\/\/burkinaonline.net\/index.php?rest_route=\/wp\/v2\/posts\/8893\/revisions\/8896"}],"wp:featuredmedia":[{"embeddable":true,"href":"https:\/\/burkinaonline.net\/index.php?rest_route=\/wp\/v2\/media\/8894"}],"wp:attachment":[{"href":"https:\/\/burkinaonline.net\/index.php?rest_route=%2Fwp%2Fv2%2Fmedia&parent=8893"}],"wp:term":[{"taxonomy":"category","embeddable":true,"href":"https:\/\/burkinaonline.net\/index.php?rest_route=%2Fwp%2Fv2%2Fcategories&post=8893"},{"taxonomy":"post_tag","embeddable":true,"href":"https:\/\/burkinaonline.net\/index.php?rest_route=%2Fwp%2Fv2%2Ftags&post=8893"}],"curies":[{"name":"wp","href":"https:\/\/api.w.org\/{rel}","templated":true}]}}