{"id":8912,"date":"2025-11-12T08:11:06","date_gmt":"2025-11-12T08:11:06","guid":{"rendered":"https:\/\/burkinaonline.net\/?p=8912"},"modified":"2025-11-12T08:11:06","modified_gmt":"2025-11-12T08:11:06","slug":"le-ditanye-desormais-obligatoire-en-langues-nationales-a-lepreuve-de-chant-du-cep-2026","status":"publish","type":"post","link":"https:\/\/burkinaonline.net\/?p=8912","title":{"rendered":"Le Ditany\u00e8 d\u00e9sormais obligatoire en langues nationales \u00e0 l\u2019\u00e9preuve de chant du CEP 2026"},"content":{"rendered":"<p class=\"p1\">Dans une circulaire dat\u00e9e du 11 novembre 2025, le Minist\u00e8re de l\u2019Enseignement de Base, de l\u2019Alphab\u00e9tisation et de la Promotion des Langues Nationales (MEBAPLN) annonce une mesure forte : \u00e0 partir de la session 2026 du Certificat d\u2019\u00c9tudes Primaires (CEP), l\u2019ex\u00e9cution de l\u2019Hymne national, le Ditany\u00e8, sera obligatoire dans une langue nationale lors de l\u2019\u00e9preuve de chant.<\/p>\n<p class=\"p1\"><span class=\"s1\">Cette initiative s\u2019inscrit dans une volont\u00e9 de renforcer le sentiment d\u2019appartenance nationale et de valoriser les langues locales comme outils de coh\u00e9sion et de citoyennet\u00e9. Chaque candidat devra interpr\u00e9ter le Ditany\u00e8 dans la langue nationale de son choix, parmi celles disposant d\u2019une version traduite et harmonis\u00e9e.<\/span><\/p>\n<p class=\"p1\"><span class=\"s1\">Selon la note officielle, cette mesure vise trois objectifs principaux :<\/span><\/p>\n<p class=\"p3\"><span class=\"s1\"> \u2022 permettre aux \u00e9l\u00e8ves de ma\u00eetriser et comprendre les paroles de l\u2019Hymne national, symbole de l\u2019unit\u00e9 du peuple burkinab\u00e8 ;<\/span><\/p>\n<p class=\"p3\"><span class=\"s1\"> \u2022 inculquer les valeurs de patriotisme et de vivre-ensemble \u00e0 travers le chant du Ditany\u00e8 ;<\/span><\/p>\n<p class=\"p3\"><span class=\"s1\"> \u2022 promouvoir les langues nationales comme vecteurs de transmission des valeurs r\u00e9publicaines.<\/span><\/p>\n<p class=\"p3\"><span class=\"s1\">Gildas Kinda<\/span><\/p>\n<p class=\"p3\"><span class=\"s1\">www.burkinaonline.net<\/span><\/p>\n<p><a href=\"http:\/\/burkinaonline.net\/wp-content\/uploads\/2025\/11\/IMG_2164.jpeg\"><img fetchpriority=\"high\" decoding=\"async\" class=\"alignnone size-medium wp-image-8914\" src=\"http:\/\/burkinaonline.net\/wp-content\/uploads\/2025\/11\/IMG_2164-220x300.jpeg\" alt=\"\" width=\"220\" height=\"300\" srcset=\"https:\/\/burkinaonline.net\/wp-content\/uploads\/2025\/11\/IMG_2164-220x300.jpeg 220w, https:\/\/burkinaonline.net\/wp-content\/uploads\/2025\/11\/IMG_2164.jpeg 720w\" sizes=\"(max-width: 220px) 100vw, 220px\" \/><\/a><\/p>\n","protected":false},"excerpt":{"rendered":"<p>Dans une circulaire dat\u00e9e du 11 novembre 2025, le Minist\u00e8re de l\u2019Enseignement de Base, de&#8230;<\/p>\n","protected":false},"author":1,"featured_media":8913,"comment_status":"open","ping_status":"open","sticky":false,"template":"","format":"standard","meta":{"footnotes":""},"categories":[8,10,13],"tags":[],"class_list":["post-8912","post","type-post","status-publish","format-standard","has-post-thumbnail","hentry","category-post","category-burkina-faso","category-societe"],"_links":{"self":[{"href":"https:\/\/burkinaonline.net\/index.php?rest_route=\/wp\/v2\/posts\/8912","targetHints":{"allow":["GET"]}}],"collection":[{"href":"https:\/\/burkinaonline.net\/index.php?rest_route=\/wp\/v2\/posts"}],"about":[{"href":"https:\/\/burkinaonline.net\/index.php?rest_route=\/wp\/v2\/types\/post"}],"author":[{"embeddable":true,"href":"https:\/\/burkinaonline.net\/index.php?rest_route=\/wp\/v2\/users\/1"}],"replies":[{"embeddable":true,"href":"https:\/\/burkinaonline.net\/index.php?rest_route=%2Fwp%2Fv2%2Fcomments&post=8912"}],"version-history":[{"count":1,"href":"https:\/\/burkinaonline.net\/index.php?rest_route=\/wp\/v2\/posts\/8912\/revisions"}],"predecessor-version":[{"id":8915,"href":"https:\/\/burkinaonline.net\/index.php?rest_route=\/wp\/v2\/posts\/8912\/revisions\/8915"}],"wp:featuredmedia":[{"embeddable":true,"href":"https:\/\/burkinaonline.net\/index.php?rest_route=\/wp\/v2\/media\/8913"}],"wp:attachment":[{"href":"https:\/\/burkinaonline.net\/index.php?rest_route=%2Fwp%2Fv2%2Fmedia&parent=8912"}],"wp:term":[{"taxonomy":"category","embeddable":true,"href":"https:\/\/burkinaonline.net\/index.php?rest_route=%2Fwp%2Fv2%2Fcategories&post=8912"},{"taxonomy":"post_tag","embeddable":true,"href":"https:\/\/burkinaonline.net\/index.php?rest_route=%2Fwp%2Fv2%2Ftags&post=8912"}],"curies":[{"name":"wp","href":"https:\/\/api.w.org\/{rel}","templated":true}]}}