{"id":8916,"date":"2025-11-12T18:11:28","date_gmt":"2025-11-12T18:11:28","guid":{"rendered":"https:\/\/burkinaonline.net\/?p=8916"},"modified":"2025-11-12T18:11:28","modified_gmt":"2025-11-12T18:11:28","slug":"%f0%9f%87%b8%f0%9f%87%b3-senegal-bras-de-fer-entre-sonko-et-diomaye-faye-rupture-ou-recomposition","status":"publish","type":"post","link":"https:\/\/burkinaonline.net\/?p=8916","title":{"rendered":"\ud83c\uddf8\ud83c\uddf3 #S\u00e9n\u00e9gal : Bras de fer entre Sonko et Diomaye Faye &#8211; Rupture ou recomposition ?"},"content":{"rendered":"<p class=\"p1\"><span class=\"s2\">Dakar, novembre 2025 \u2014 Le climat politique s\u00e9n\u00e9galais s\u2019est \u00e0 nouveau tendu au sein du camp patriotique. Le remplacement d\u2019A\u00efssatou Mbodj, coordinatrice de la coalition \u201cDiomaye Pr\u00e9sident\u201d, par l\u2019ancienne Premi\u00e8re ministre Aminata Tour\u00e9, marque un tournant dans les relations entre le pr\u00e9sident Bassirou Diomaye Faye et le Premier ministre Ousmane Sonko.<\/span><\/p>\n<p class=\"p1\"><span class=\"s2\">Cette d\u00e9cision pr\u00e9sidentielle, pr\u00e9sent\u00e9e comme un simple ajustement organisationnel, a provoqu\u00e9 une vive r\u00e9action du PASTEF \u2013 Les Patriotes, le parti fond\u00e9 par Sonko. Dans un communiqu\u00e9 publi\u00e9 le 11 novembre 2025, le mouvement a r\u00e9cus\u00e9 la r\u00e9organisation annonc\u00e9e, estimant que le pr\u00e9sident n\u2019a pas comp\u00e9tence pour d\u00e9mettre Mme Mbodj, d\u00e9sign\u00e9e par la Conf\u00e9rence des leaders de la coalition.<\/span><\/p>\n<p class=\"p1\"><span class=\"s2\">Le texte pr\u00e9cise que la coalition \u201cDiomaye Pr\u00e9sident\u201d \u00ab n\u2019a jamais \u00e9t\u00e9 la propri\u00e9t\u00e9 d\u2019un individu \u00bb, mais un cadre collectif n\u00e9 de la dynamique \u00e9lectorale de 2024. Le PASTEF affirme \u00e9galement ne pas reconna\u00eetre la nomination d\u2019Aminata Tour\u00e9, d\u00e9non\u00e7ant une d\u00e9cision \u00ab unilat\u00e9rale \u00bb et \u00ab politiquement incoh\u00e9rente \u00bb.<\/span><\/p>\n<p class=\"p1\"><span class=\"s2\">En r\u00e9ponse, le chef de l\u2019\u00c9tat a, dans une lettre adress\u00e9e \u00e0 sa majorit\u00e9, justifi\u00e9 la r\u00e9organisation par la n\u00e9cessit\u00e9 de pr\u00e9server la coh\u00e9sion et d\u2019\u00ab \u00e9viter les facteurs de division \u00bb. Il a appel\u00e9 \u00e0 un recentrage sur les priorit\u00e9s de gouvernance et la stabilit\u00e9 institutionnelle.<\/span><\/p>\n<p class=\"p1\"><span class=\"s2\">Selon plusieurs sources proches du pouvoir, la d\u00e9cision du pr\u00e9sident serait intervenue \u00e0 la suite du grand meeting tenu par Sonko la semaine pr\u00e9c\u00e9dente, o\u00f9 le Premier ministre avait prononc\u00e9 un discours tr\u00e8s comment\u00e9 sur \u00ab la fid\u00e9lit\u00e9 aux id\u00e9aux du patriotisme \u00bb. Ce rassemblement, jug\u00e9 trop d\u00e9monstratif par certains cercles pr\u00e9sidentiels, aurait pr\u00e9cipit\u00e9 la r\u00e9action du chef de l\u2019\u00c9tat.<\/span><\/p>\n<p class=\"p1\"><span class=\"s2\">Au-del\u00e0 de cet incident, l\u2019\u00e9pisode r\u00e9v\u00e8le une rivalit\u00e9 de leadership d\u00e9sormais assum\u00e9e entre les deux figures du mouvement patriotique. Leurs relations, longtemps per\u00e7ues comme exemplaires, s\u2019enlisent dans des divergences strat\u00e9giques et personnelles.<\/span><\/p>\n<p class=\"p1\"><span class=\"s2\">En toile de fond, se dessine clairement l\u2019\u00e9ch\u00e9ance pr\u00e9sidentielle de 2029. Ousmane Sonko, qui entend d\u00e9fendre sa l\u00e9gitimit\u00e9 politique et id\u00e9ologique, compte bien se positionner comme candidat, tandis que Bassirou Diomaye Faye cherche \u00e0 consolider son autorit\u00e9 et \u00e0 incarner la continuit\u00e9 institutionnelle.<\/span><\/p>\n<p class=\"p1\"><span class=\"s2\">Pour de nombreux observateurs, le duo Faye\u2013Sonko se trouve \u00e0 la crois\u00e9e des chemins : soit une recomposition ma\u00eetris\u00e9e autour d\u2019un nouvel \u00e9quilibre du pouvoir, soit une rupture ouverte dont les cons\u00e9quences pourraient redessiner durablement le paysage politique s\u00e9n\u00e9galais.<\/span><\/p>\n<p class=\"p1\"><span class=\"s2\">Gildas Kinda <\/span><\/p>\n<p class=\"p1\"><span class=\"s1\">www.burkinaonline.net<\/span><\/p>\n<p class=\"p1\"><span class=\"s1\">#BurkinaOnline <\/span><\/p>\n","protected":false},"excerpt":{"rendered":"<p>Dakar, novembre 2025 \u2014 Le climat politique s\u00e9n\u00e9galais s\u2019est \u00e0 nouveau tendu au sein du&#8230;<\/p>\n","protected":false},"author":1,"featured_media":8917,"comment_status":"open","ping_status":"open","sticky":false,"template":"","format":"standard","meta":{"footnotes":""},"categories":[8,11],"tags":[],"class_list":["post-8916","post","type-post","status-publish","format-standard","has-post-thumbnail","hentry","category-post","category-politique"],"_links":{"self":[{"href":"https:\/\/burkinaonline.net\/index.php?rest_route=\/wp\/v2\/posts\/8916","targetHints":{"allow":["GET"]}}],"collection":[{"href":"https:\/\/burkinaonline.net\/index.php?rest_route=\/wp\/v2\/posts"}],"about":[{"href":"https:\/\/burkinaonline.net\/index.php?rest_route=\/wp\/v2\/types\/post"}],"author":[{"embeddable":true,"href":"https:\/\/burkinaonline.net\/index.php?rest_route=\/wp\/v2\/users\/1"}],"replies":[{"embeddable":true,"href":"https:\/\/burkinaonline.net\/index.php?rest_route=%2Fwp%2Fv2%2Fcomments&post=8916"}],"version-history":[{"count":1,"href":"https:\/\/burkinaonline.net\/index.php?rest_route=\/wp\/v2\/posts\/8916\/revisions"}],"predecessor-version":[{"id":8918,"href":"https:\/\/burkinaonline.net\/index.php?rest_route=\/wp\/v2\/posts\/8916\/revisions\/8918"}],"wp:featuredmedia":[{"embeddable":true,"href":"https:\/\/burkinaonline.net\/index.php?rest_route=\/wp\/v2\/media\/8917"}],"wp:attachment":[{"href":"https:\/\/burkinaonline.net\/index.php?rest_route=%2Fwp%2Fv2%2Fmedia&parent=8916"}],"wp:term":[{"taxonomy":"category","embeddable":true,"href":"https:\/\/burkinaonline.net\/index.php?rest_route=%2Fwp%2Fv2%2Fcategories&post=8916"},{"taxonomy":"post_tag","embeddable":true,"href":"https:\/\/burkinaonline.net\/index.php?rest_route=%2Fwp%2Fv2%2Ftags&post=8916"}],"curies":[{"name":"wp","href":"https:\/\/api.w.org\/{rel}","templated":true}]}}