{"id":8919,"date":"2025-11-13T09:28:33","date_gmt":"2025-11-13T09:28:33","guid":{"rendered":"https:\/\/burkinaonline.net\/?p=8919"},"modified":"2025-11-13T09:28:33","modified_gmt":"2025-11-13T09:28:33","slug":"%e2%9a%96%ef%b8%8f-mali-issa-kaou-ndjim-attendu-en-liberte-apres-un-an-de-detention","status":"publish","type":"post","link":"https:\/\/burkinaonline.net\/?p=8919","title":{"rendered":"\u2696\ufe0f Mali : Issa Kaou N\u2019Djim attendu en libert\u00e9 apr\u00e8s un an de d\u00e9tention"},"content":{"rendered":"<p class=\"p1\">Bamako, 13 novembre 2025\u00a0 &#8211; Un an jour pour jour apr\u00e8s son arrestation, Issa Kaou N\u2019Djim, figure politique malienne et ancien porte-parole de l\u2019imam Mahmoud Dicko, pourrait recouvrer la libert\u00e9 ce jeudi.<\/p>\n<p class=\"p1\"><span class=\"s2\">Arr\u00eat\u00e9 le 13 novembre 2024, il avait \u00e9t\u00e9 condamn\u00e9 pour des propos tenus lors d\u2019une \u00e9mission sur Joliba TV News, o\u00f9 il avait remis en question la cr\u00e9dibilit\u00e9 d\u2019une annonce de coup d\u2019\u00c9tat d\u00e9jou\u00e9 au Burkina Faso. Le P\u00f4le national de lutte contre la cybercriminalit\u00e9 lui avait inflig\u00e9 une peine d\u2019un an d\u2019emprisonnement ferme et une amende d\u2019un million de francs CFA.<\/span><\/p>\n<p class=\"p1\"><span class=\"s2\">Le parquet avait retenu contre lui les chefs d\u2019\u00ab offense commise publiquement envers un chef d\u2019\u00c9tat \u00e9tranger \u00bb et \u00ab injures commises par le biais d\u2019un syst\u00e8me d\u2019information \u00bb.<\/span><\/p>\n<p class=\"p1\"><span class=\"s2\">Apr\u00e8s douze mois pass\u00e9s derri\u00e8re les barreaux, la lib\u00e9ration d\u2019Issa Kaou N\u2019Djim semble d\u00e9sormais imminente, sauf rebondissement de derni\u00e8re minute. Ses proches et plusieurs soutiens politiques se disent confiants quant \u00e0 sa sortie, qu\u2019ils consid\u00e8rent comme \u00ab un soulagement attendu apr\u00e8s une ann\u00e9e d\u2019injustice \u00bb.<\/span><\/p>\n<p>Alex Nak\u00e9<\/p>\n<p>www.burkinaonline.net<\/p>\n","protected":false},"excerpt":{"rendered":"<p>Bamako, 13 novembre 2025\u00a0 &#8211; Un an jour pour jour apr\u00e8s son arrestation, Issa Kaou&#8230;<\/p>\n","protected":false},"author":1,"featured_media":8921,"comment_status":"open","ping_status":"open","sticky":false,"template":"","format":"standard","meta":{"footnotes":""},"categories":[8,30,13],"tags":[],"class_list":["post-8919","post","type-post","status-publish","format-standard","has-post-thumbnail","hentry","category-post","category-aes","category-societe"],"_links":{"self":[{"href":"https:\/\/burkinaonline.net\/index.php?rest_route=\/wp\/v2\/posts\/8919","targetHints":{"allow":["GET"]}}],"collection":[{"href":"https:\/\/burkinaonline.net\/index.php?rest_route=\/wp\/v2\/posts"}],"about":[{"href":"https:\/\/burkinaonline.net\/index.php?rest_route=\/wp\/v2\/types\/post"}],"author":[{"embeddable":true,"href":"https:\/\/burkinaonline.net\/index.php?rest_route=\/wp\/v2\/users\/1"}],"replies":[{"embeddable":true,"href":"https:\/\/burkinaonline.net\/index.php?rest_route=%2Fwp%2Fv2%2Fcomments&post=8919"}],"version-history":[{"count":1,"href":"https:\/\/burkinaonline.net\/index.php?rest_route=\/wp\/v2\/posts\/8919\/revisions"}],"predecessor-version":[{"id":8922,"href":"https:\/\/burkinaonline.net\/index.php?rest_route=\/wp\/v2\/posts\/8919\/revisions\/8922"}],"wp:featuredmedia":[{"embeddable":true,"href":"https:\/\/burkinaonline.net\/index.php?rest_route=\/wp\/v2\/media\/8921"}],"wp:attachment":[{"href":"https:\/\/burkinaonline.net\/index.php?rest_route=%2Fwp%2Fv2%2Fmedia&parent=8919"}],"wp:term":[{"taxonomy":"category","embeddable":true,"href":"https:\/\/burkinaonline.net\/index.php?rest_route=%2Fwp%2Fv2%2Fcategories&post=8919"},{"taxonomy":"post_tag","embeddable":true,"href":"https:\/\/burkinaonline.net\/index.php?rest_route=%2Fwp%2Fv2%2Ftags&post=8919"}],"curies":[{"name":"wp","href":"https:\/\/api.w.org\/{rel}","templated":true}]}}