{"id":8924,"date":"2025-11-13T09:42:49","date_gmt":"2025-11-13T09:42:49","guid":{"rendered":"https:\/\/burkinaonline.net\/?p=8924"},"modified":"2025-11-13T09:42:49","modified_gmt":"2025-11-13T09:42:49","slug":"burkina-faso-pres-de-70-des-reserves-administratives-illegalement-occupees-selon-le-ministre-detat-emile-zerbo","status":"publish","type":"post","link":"https:\/\/burkinaonline.net\/?p=8924","title":{"rendered":"Burkina Faso : Pr\u00e8s de 70 % des r\u00e9serves administratives ill\u00e9galement occup\u00e9es, selon le ministre d\u2019\u00c9tat \u00c9mile Zerbo"},"content":{"rendered":"<p class=\"p1\"><span class=\"s2\">Ouagadougou, 11 novembre 2025 &#8211; La d\u00e9put\u00e9e Assita Fran\u00e7oise Romaine Bailou a interpell\u00e9 le ministre d\u2019\u00c9tat, ministre de l\u2019Administration territoriale et de la Mobilit\u00e9, \u00c9mile Zerbo, sur la situation alarmante des espaces verts et r\u00e9serves administratives dans les centres urbains du Burkina Faso, lors d\u2019une s\u00e9ance pl\u00e9ni\u00e8re de l\u2019Assembl\u00e9e l\u00e9gislative de transition.<\/span><\/p>\n<p class=\"p1\"><span class=\"s2\">Trois questions majeures ont \u00e9t\u00e9 pos\u00e9es : l\u2019\u00e9tat actuel des espaces verts et r\u00e9serves fonci\u00e8res, les mesures envisag\u00e9es pour prot\u00e9ger ces espaces et les actions de coordination pour d\u00e9manteler les installations ill\u00e9gales.<\/span><\/p>\n<p class=\"p1\"><span class=\"s2\">Des chiffres pr\u00e9occupants<\/span><\/p>\n<p class=\"p1\"><span class=\"s2\">Le ministre Zerbo a dress\u00e9 un constat sans appel : sur 7076 r\u00e9serves administratives recens\u00e9es en 2024, 4894 sont ill\u00e9galement occup\u00e9es, soit 69,16 %. Les communes de Ouagadougou et Bobo-Dioulasso concentrent \u00e0 elles seules 600 r\u00e9serves, dont 365 occup\u00e9es ill\u00e9galement.<\/span><\/p>\n<p class=\"p1\"><span class=\"s2\">Concernant les espaces verts, 1553 ont \u00e9t\u00e9 recens\u00e9s (1115 \u00e0 Ouagadougou et 438 \u00e0 Bobo-Dioulasso), mais 700 d\u2019entre eux, soit 45 %, sont aujourd\u2019hui envahis par des constructions ou des installations illicites.<\/span><\/p>\n<p class=\"p1\"><span class=\"s2\">Des occupations multiples et anarchiques<\/span><\/p>\n<p class=\"p1\"><span class=\"s2\">Les espaces initialement destin\u00e9s \u00e0 l\u2019embellissement urbain sont d\u00e9sormais occup\u00e9s par des mosqu\u00e9es, \u00e9glises, \u00e9coles, habitations, commerces, garages, stations d\u2019essence, maquis ou encore d\u00e9potoirs d\u2019ordures.<\/span><\/p>\n<p class=\"p1\"><span class=\"s2\">\u00ab Le changement de destination de ces espaces est pourtant proscrit par la loi, sauf pour des motifs d\u2019utilit\u00e9 publique \u00bb, a rappel\u00e9 le ministre d\u2019\u00c9tat, soulignant le r\u00f4le des collectivit\u00e9s territoriales dans leur gestion, en lien avec les minist\u00e8res de l\u2019Urbanisme et de l\u2019Environnement.<\/span><\/p>\n<p class=\"p1\"><span class=\"s2\">Des actions engag\u00e9es mais jug\u00e9es insuffisantes<\/span><\/p>\n<p class=\"p1\"><span class=\"s2\">Pour contrer cette situation, le minist\u00e8re a engag\u00e9, avec la commune de Ouagadougou, plusieurs mesures de r\u00e9gulation : interdiction des constructions d\u00e9finitives d\u00e9passant 30 % de la superficie, contr\u00f4le strict de l\u2019hygi\u00e8ne et de la s\u00e9curit\u00e9, r\u00e9siliation des conventions en cas d\u2019abus, et cr\u00e9ation d\u2019un comit\u00e9 de veille charg\u00e9 du suivi des espaces conc\u00e9d\u00e9s.<\/span><\/p>\n<p class=\"p1\"><span class=\"s2\">La commune de Ouagadougou, de son c\u00f4t\u00e9, a \u00e9labor\u00e9 un Plan strat\u00e9gique d\u2019am\u00e9nagement et de gestion des espaces verts (PSAGEV) 2022-2024, articul\u00e9 autour de trois axes : am\u00e9lioration de la gouvernance, renforcement du cadre r\u00e9glementaire et am\u00e9nagement durable.<\/span><\/p>\n<p class=\"p1\"><span class=\"s2\">Vers des mesures plus coercitives<\/span><\/p>\n<p class=\"p1\"><span class=\"s2\">Le ministre a reconnu que ces dispositions restent limit\u00e9es et qu\u2019il est d\u00e9sormais n\u00e9cessaire d\u2019adopter des textes plus op\u00e9rationnels et coercitifs. Le gouvernement pr\u00e9voit notamment la cr\u00e9ation de Brigades vertes dans les arrondissements de Ouagadougou et Bobo-Dioulasso pour assurer une gestion de proximit\u00e9 et veiller \u00e0 la protection des sites.<\/span><\/p>\n<p class=\"p1\"><span class=\"s2\">Il a \u00e9galement annonc\u00e9 la suspension des autorisations de changement de destination et de vente de terrains situ\u00e9s sur les r\u00e9serves administratives ou espaces verts, ainsi que la lev\u00e9e partielle de la suspension des demandes d\u2019am\u00e9nagement dans un cadre mieux contr\u00f4l\u00e9.<\/span><\/p>\n<p class=\"p1\"><span class=\"s2\">Enfin, un comit\u00e9 interminist\u00e9riel sera mis en place pour mieux encadrer la cession des r\u00e9serves fonci\u00e8res et renforcer la coordination avec l\u2019Office national du contr\u00f4le des am\u00e9nagements et des constructions (ONC-AC), charg\u00e9 de surveiller toute occupation ill\u00e9gale.<\/span><\/p>\n<p class=\"p3\"><span class=\"s2\">\u00ab La protection des espaces verts n\u2019est pas un luxe, c\u2019est une n\u00e9cessit\u00e9 pour la sant\u00e9, l\u2019\u00e9quilibre \u00e9cologique et le cadre de vie des citoyens \u00bb, a conclu le ministre \u00c9mile Zerbo, appelant \u00e0 une mobilisation collective pour pr\u00e9server ces zones vitales dans les grandes villes du Burkina Faso.<\/span><\/p>\n<p>Gildas Kinda<\/p>\n<p>www.burkinaonline.net<\/p>\n","protected":false},"excerpt":{"rendered":"<p>Ouagadougou, 11 novembre 2025 &#8211; La d\u00e9put\u00e9e Assita Fran\u00e7oise Romaine Bailou a interpell\u00e9 le ministre&#8230;<\/p>\n","protected":false},"author":1,"featured_media":8925,"comment_status":"open","ping_status":"open","sticky":false,"template":"","format":"standard","meta":{"footnotes":""},"categories":[8,10,13],"tags":[],"class_list":["post-8924","post","type-post","status-publish","format-standard","has-post-thumbnail","hentry","category-post","category-burkina-faso","category-societe"],"_links":{"self":[{"href":"https:\/\/burkinaonline.net\/index.php?rest_route=\/wp\/v2\/posts\/8924","targetHints":{"allow":["GET"]}}],"collection":[{"href":"https:\/\/burkinaonline.net\/index.php?rest_route=\/wp\/v2\/posts"}],"about":[{"href":"https:\/\/burkinaonline.net\/index.php?rest_route=\/wp\/v2\/types\/post"}],"author":[{"embeddable":true,"href":"https:\/\/burkinaonline.net\/index.php?rest_route=\/wp\/v2\/users\/1"}],"replies":[{"embeddable":true,"href":"https:\/\/burkinaonline.net\/index.php?rest_route=%2Fwp%2Fv2%2Fcomments&post=8924"}],"version-history":[{"count":1,"href":"https:\/\/burkinaonline.net\/index.php?rest_route=\/wp\/v2\/posts\/8924\/revisions"}],"predecessor-version":[{"id":8926,"href":"https:\/\/burkinaonline.net\/index.php?rest_route=\/wp\/v2\/posts\/8924\/revisions\/8926"}],"wp:featuredmedia":[{"embeddable":true,"href":"https:\/\/burkinaonline.net\/index.php?rest_route=\/wp\/v2\/media\/8925"}],"wp:attachment":[{"href":"https:\/\/burkinaonline.net\/index.php?rest_route=%2Fwp%2Fv2%2Fmedia&parent=8924"}],"wp:term":[{"taxonomy":"category","embeddable":true,"href":"https:\/\/burkinaonline.net\/index.php?rest_route=%2Fwp%2Fv2%2Fcategories&post=8924"},{"taxonomy":"post_tag","embeddable":true,"href":"https:\/\/burkinaonline.net\/index.php?rest_route=%2Fwp%2Fv2%2Ftags&post=8924"}],"curies":[{"name":"wp","href":"https:\/\/api.w.org\/{rel}","templated":true}]}}