{"id":8927,"date":"2025-11-13T12:17:51","date_gmt":"2025-11-13T12:17:51","guid":{"rendered":"https:\/\/burkinaonline.net\/?p=8927"},"modified":"2025-11-13T12:17:51","modified_gmt":"2025-11-13T12:17:51","slug":"mali-la-france-reve-t-elle-de-faire-tomber-le-mali-par-vengeance","status":"publish","type":"post","link":"https:\/\/burkinaonline.net\/?p=8927","title":{"rendered":"Mali : la France r\u00eave-t-elle de faire tomber le Mali par vengeance ?"},"content":{"rendered":"<p class=\"p1\">Dans un \u00e9ditorial r\u00e9cent, le journaliste fran\u00e7ais Thomas Dietrich interroge la posture de la France vis-\u00e0-vis de la situation malienne. Selon Dietrich, certains discours m\u00e9diatiques et d\u2019officiels\u00a0 fran\u00e7ais semblent donner l\u2019impression que la France pourrait pr\u00e9f\u00e9rer un Mali contr\u00f4l\u00e9 par les groupes terroristes plut\u00f4t que par le r\u00e9gime de Go\u00efta, par vengeance apr\u00e8s son expulsion des troupes fran\u00e7aises en 2022.<\/p>\n<p class=\"p1\"><span class=\"s1\">L\u2019\u00e9ditorialiste rappelle que les titres catastrophiques de m\u00e9dias sur la situation au Mali -\u00ab Bamako va-t-il tomber aux mains des djihadistes ? \u00bb, \u00ab Le Mali pourrait-il devenir un califat ? \u00bb &#8211; sont tr\u00e8s souvent d\u00e9connect\u00e9es de la r\u00e9alit\u00e9 sur le terrain. Pour Dietrich, ce catastrophisme occultent les responsabilit\u00e9s fran\u00e7aises dans la d\u00e9stabilisation de la r\u00e9gion, notamment la Libye en 2011, qui a favoris\u00e9 l\u2019essor des groupes arm\u00e9s terroristes au Sahel.<\/span><\/p>\n<p class=\"p1\"><span class=\"s1\">L\u2019\u00e9ditorial souligne \u00e9galement les limites de l\u2019intervention militaire fran\u00e7aise. Malgr\u00e9 le d\u00e9ploiement de milliers de soldats et l\u2019investissement de milliards d\u2019euros, la France n\u2019a pas r\u00e9ussi \u00e0 contenir la progression du terrorisme dans le Sahel. \u00c0 cela s\u2019ajoutent des \u00e9pisodes controvers\u00e9s, comme le massacre de Bounti en 2021, o\u00f9 l\u2019arm\u00e9e fran\u00e7aise avait bombard\u00e9 un mariage de civils. En 2014, selon un article du <\/span><span class=\"s2\">Monde<\/span><span class=\"s1\">, l\u2019arm\u00e9e fran\u00e7aise avait eu l\u2019occasion d\u2019\u00e9liminer Iyad Ag Ghaly (leader actuel du<span class=\"Apple-converted-space\">\u00a0 <\/span>groupe terroriste JNIM), mais l\u2019ordre d\u2019\u00e9limination avait \u00e9t\u00e9 annul\u00e9 \u00e0 la derni\u00e8re minute pour ne pas d\u00e9plaire \u00e0 Alger, qui est le protecteur de ce dernier.<\/span><\/p>\n<p class=\"p1\"><span class=\"s1\">Dietrich pointe enfin la perception d\u2019un double standard : certains cercles politiques tapent \u00e0 longueur de journ\u00e9e sur le r\u00e9gime de Go\u00efta tout en ayant soutenu, par le pass\u00e9, un dirigeant contest\u00e9 comme Ibrahim Boubacar Ke\u00efta.<\/span><\/p>\n<p class=\"p1\"><span class=\"s1\">L\u2019\u00e9ditorial met en garde contre la possibilit\u00e9 que, pour certains responsables fran\u00e7ais, la volont\u00e9 de punir Go\u00efta puisse aller jusqu\u2019\u00e0 pactiser indirectement avec les groupes terroristes. Cette logique de vengeance viserait \u00e0 affaiblir ou faire tomber le r\u00e9gime actuel, tant pis si le Mali<span class=\"Apple-converted-space\">\u00a0 <\/span>doit se voir imposer la charia.<\/span><\/p>\n<p class=\"p1\"><span class=\"s1\">Thomas Dietrich appelle ainsi \u00e0 une lecture plus nuanc\u00e9e de la situation malienne, en prenant en compte non seulement les actions du gouvernement actuel, mais aussi l\u2019h\u00e9ritage des interventions \u00e9trang\u00e8res et des choix pass\u00e9s qui ont fa\u00e7onn\u00e9 le contexte s\u00e9curitaire actuel.<\/span><\/p>\n<p class=\"p1\"><span class=\"s3\">Gildas Kinda <\/span><\/p>\n<p class=\"p1\"><span class=\"s3\">www.burkinaonline.net<\/span><\/p>\n<p class=\"p1\"><span class=\"s3\">#BurkinaOnline <\/span><\/p>\n","protected":false},"excerpt":{"rendered":"<p>Dans un \u00e9ditorial r\u00e9cent, le journaliste fran\u00e7ais Thomas Dietrich interroge la posture de la France&#8230;<\/p>\n","protected":false},"author":1,"featured_media":8928,"comment_status":"open","ping_status":"open","sticky":false,"template":"","format":"standard","meta":{"footnotes":""},"categories":[8,30,11],"tags":[],"class_list":["post-8927","post","type-post","status-publish","format-standard","has-post-thumbnail","hentry","category-post","category-aes","category-politique"],"_links":{"self":[{"href":"https:\/\/burkinaonline.net\/index.php?rest_route=\/wp\/v2\/posts\/8927","targetHints":{"allow":["GET"]}}],"collection":[{"href":"https:\/\/burkinaonline.net\/index.php?rest_route=\/wp\/v2\/posts"}],"about":[{"href":"https:\/\/burkinaonline.net\/index.php?rest_route=\/wp\/v2\/types\/post"}],"author":[{"embeddable":true,"href":"https:\/\/burkinaonline.net\/index.php?rest_route=\/wp\/v2\/users\/1"}],"replies":[{"embeddable":true,"href":"https:\/\/burkinaonline.net\/index.php?rest_route=%2Fwp%2Fv2%2Fcomments&post=8927"}],"version-history":[{"count":1,"href":"https:\/\/burkinaonline.net\/index.php?rest_route=\/wp\/v2\/posts\/8927\/revisions"}],"predecessor-version":[{"id":8929,"href":"https:\/\/burkinaonline.net\/index.php?rest_route=\/wp\/v2\/posts\/8927\/revisions\/8929"}],"wp:featuredmedia":[{"embeddable":true,"href":"https:\/\/burkinaonline.net\/index.php?rest_route=\/wp\/v2\/media\/8928"}],"wp:attachment":[{"href":"https:\/\/burkinaonline.net\/index.php?rest_route=%2Fwp%2Fv2%2Fmedia&parent=8927"}],"wp:term":[{"taxonomy":"category","embeddable":true,"href":"https:\/\/burkinaonline.net\/index.php?rest_route=%2Fwp%2Fv2%2Fcategories&post=8927"},{"taxonomy":"post_tag","embeddable":true,"href":"https:\/\/burkinaonline.net\/index.php?rest_route=%2Fwp%2Fv2%2Ftags&post=8927"}],"curies":[{"name":"wp","href":"https:\/\/api.w.org\/{rel}","templated":true}]}}