{"id":8930,"date":"2025-11-14T09:18:23","date_gmt":"2025-11-14T09:18:23","guid":{"rendered":"https:\/\/burkinaonline.net\/?p=8930"},"modified":"2025-11-14T09:21:23","modified_gmt":"2025-11-14T09:21:23","slug":"senegal-les-familles-de-diomaye-faye-et-sonko-tentent-une-mediation-la-crise-reste-intacte","status":"publish","type":"post","link":"https:\/\/burkinaonline.net\/?p=8930","title":{"rendered":"S\u00e9n\u00e9gal : les familles de Diomaye Faye et Sonko tentent une m\u00e9diation, la crise reste intacte"},"content":{"rendered":"<p class=\"p1\">La tension entre le pr\u00e9sident Bassirou Diomaye Faye et son Premier ministre Ousmane Sonko a franchi un nouveau cap. Le remplacement d\u2019A\u00efda Mbodji par Aminata Tour\u00e9 \u00e0 la t\u00eate de la coalition \u00ab Diomaye Pr\u00e9sident \u00bb n\u2019\u00e9tait que l\u2019\u00e9tincelle visible d\u2019un conflit plus profond. Selon plusieurs sources, les relations entre les deux hommes se sont tellement tendues que leurs familles ont tent\u00e9 une m\u00e9diation\u2026 sans succ\u00e8s.<\/p>\n<p class=\"p1\"><span class=\"s1\">Jeudi, le chef de l\u2019\u00c9tat a \u00e9chang\u00e9 avec un membre du premier cercle du Premier ministre pour calmer le jeu. Une accalmie relative, mais fragile. Une source proche du dossier estime que \u00ab les choses ne seront plus pareilles \u00bb, rappelant que le simple recours \u00e0 une m\u00e9diation illustre l\u2019ampleur de la fracture entre deux responsables qui affirmaient \u00eatre \u00ab une seule et m\u00eame personne \u00bb durant la campagne.<\/span><\/p>\n<p class=\"p1\"><span class=\"s1\">Depuis des mois, les divergences s\u2019accumulent. Gestion des dossiers sensibles, accusations de surveillance visant l\u2019entourage du Premier ministre, critiques publiques sur le \u00ab manque d\u2019autorit\u00e9 \u00bb au sommet : la relation s\u2019est envenim\u00e9e. Le T\u00e9ra-meeting tenu par Sonko samedi dernier a \u00e9t\u00e9 re\u00e7u comme un avertissement clair au pr\u00e9sident : Pastef et son leader restent \u00e0 l\u2019origine de son ascension.<\/span><\/p>\n<p class=\"p1\"><span class=\"s1\">En r\u00e9ponse, Bassirou Diomaye Faye a affirm\u00e9 son autorit\u00e9 en confiant la coalition \u00e0 Aminata Tour\u00e9, un geste politique fort.<\/span><\/p>\n<p class=\"p1\"><span class=\"s1\">Pour l\u2019instant, la crise semble contenue. Mais au sommet de l\u2019\u00c9tat, la confiance est ab\u00eem\u00e9e, et un retour \u00e0 la relation fusionnelle des d\u00e9buts para\u00eet peu probable.<\/span><\/p>\n<p>Gildas Kinda<\/p>\n<p>www.burkinaonline.net<\/p>\n","protected":false},"excerpt":{"rendered":"<p>La tension entre le pr\u00e9sident Bassirou Diomaye Faye et son Premier ministre Ousmane Sonko a&#8230;<\/p>\n","protected":false},"author":1,"featured_media":8931,"comment_status":"open","ping_status":"open","sticky":false,"template":"","format":"standard","meta":{"footnotes":""},"categories":[8,11],"tags":[],"class_list":["post-8930","post","type-post","status-publish","format-standard","has-post-thumbnail","hentry","category-post","category-politique"],"_links":{"self":[{"href":"https:\/\/burkinaonline.net\/index.php?rest_route=\/wp\/v2\/posts\/8930","targetHints":{"allow":["GET"]}}],"collection":[{"href":"https:\/\/burkinaonline.net\/index.php?rest_route=\/wp\/v2\/posts"}],"about":[{"href":"https:\/\/burkinaonline.net\/index.php?rest_route=\/wp\/v2\/types\/post"}],"author":[{"embeddable":true,"href":"https:\/\/burkinaonline.net\/index.php?rest_route=\/wp\/v2\/users\/1"}],"replies":[{"embeddable":true,"href":"https:\/\/burkinaonline.net\/index.php?rest_route=%2Fwp%2Fv2%2Fcomments&post=8930"}],"version-history":[{"count":2,"href":"https:\/\/burkinaonline.net\/index.php?rest_route=\/wp\/v2\/posts\/8930\/revisions"}],"predecessor-version":[{"id":8933,"href":"https:\/\/burkinaonline.net\/index.php?rest_route=\/wp\/v2\/posts\/8930\/revisions\/8933"}],"wp:featuredmedia":[{"embeddable":true,"href":"https:\/\/burkinaonline.net\/index.php?rest_route=\/wp\/v2\/media\/8931"}],"wp:attachment":[{"href":"https:\/\/burkinaonline.net\/index.php?rest_route=%2Fwp%2Fv2%2Fmedia&parent=8930"}],"wp:term":[{"taxonomy":"category","embeddable":true,"href":"https:\/\/burkinaonline.net\/index.php?rest_route=%2Fwp%2Fv2%2Fcategories&post=8930"},{"taxonomy":"post_tag","embeddable":true,"href":"https:\/\/burkinaonline.net\/index.php?rest_route=%2Fwp%2Fv2%2Ftags&post=8930"}],"curies":[{"name":"wp","href":"https:\/\/api.w.org\/{rel}","templated":true}]}}