{"id":8934,"date":"2025-11-14T11:37:29","date_gmt":"2025-11-14T11:37:29","guid":{"rendered":"https:\/\/burkinaonline.net\/?p=8934"},"modified":"2025-11-14T11:41:01","modified_gmt":"2025-11-14T11:41:01","slug":"mali-lambassade-des-etats-unis-reprend-ses-activites-apres-une-suspension-due-a-la-crise-du-carburant","status":"publish","type":"post","link":"https:\/\/burkinaonline.net\/?p=8934","title":{"rendered":"Mali : l\u2019ambassade des \u00c9tats-Unis reprend ses activit\u00e9s apr\u00e8s une suspension due \u00e0 la crise du carburant"},"content":{"rendered":"<p>Apr\u00e8s plusieurs jours d\u2019interruption, l\u2019ambassade des \u00c9tats-Unis \u00e0 Bamako a annonc\u00e9 jeudi la reprise compl\u00e8te de ses activit\u00e9s. La repr\u00e9sentation diplomatique avait suspendu ses services \u00e0 la fin du mois dernier, \u00e9voquant des difficult\u00e9s persistantes li\u00e9es aux perturbations dans l\u2019approvisionnement en carburant, un probl\u00e8me qui avait paralys\u00e9 une partie du pays.<\/p>\n<p>Selon le communiqu\u00e9 publi\u00e9, la reprise concerne l\u2019ensemble des effectifs, des programmes et des op\u00e9rations administratives. Les services diplomatiques, techniques et consulaires retrouvent progressivement leur fonctionnement habituel. Les responsables am\u00e9ricains estiment que ce retour \u00e0 la normale permettra une relance efficace des programmes en cours et un meilleur appui aux partenaires maliens et internationaux.<\/p>\n<p>Cette d\u00e9cision intervient dans un contexte s\u00e9curitaire tendu. Le 28 octobre, l\u2019ambassade avait appel\u00e9 tous les citoyens am\u00e9ricains pr\u00e9sents au Mali \u00e0 quitter imm\u00e9diatement le territoire par vol commercial. Elle avait \u00e9galement d\u00e9conseill\u00e9 tout d\u00e9placement terrestre vers les pays voisins, en raison du risque \u00e9lev\u00e9 d\u2019attaques terroristes sur les principales routes nationales.<\/p>\n<p>Pour les ressortissants ayant choisi de rester, la mission diplomatique avait recommand\u00e9 de pr\u00e9parer des plans d\u2019urgence incluant un \u00e9ventuel confinement prolong\u00e9. Elle rappelait ne pas \u00eatre en mesure d\u2019assurer une assistance d\u2019urgence ou des services consulaires en dehors de Bamako.<\/p>\n<p>La suspension des activit\u00e9s \u00e9tait notamment justifi\u00e9e par les perturbations continues dans l\u2019approvisionnement en essence et en diesel, ainsi que par la fermeture d\u2019infrastructures publiques, notamment les \u00e9coles et universit\u00e9s.<\/p>\n<p>Avec cette reprise, l\u2019ambassade esp\u00e8re d\u00e9sormais stabiliser ses op\u00e9rations, tout en continuant \u00e0 \u00e9valuer l\u2019\u00e9volution de la situation dans le pays.<\/p>\n<p>Nak\u00e9 Alex<br \/>\nwww.burkinaonline.net avec Bamada.net<\/p>\n<p>#burkinaonline.net<\/p>\n","protected":false},"excerpt":{"rendered":"<p>Apr\u00e8s plusieurs jours d\u2019interruption, l\u2019ambassade des \u00c9tats-Unis \u00e0 Bamako a annonc\u00e9 jeudi la reprise compl\u00e8te&#8230;<\/p>\n","protected":false},"author":1,"featured_media":8935,"comment_status":"open","ping_status":"open","sticky":false,"template":"","format":"standard","meta":{"footnotes":""},"categories":[8,18],"tags":[],"class_list":["post-8934","post","type-post","status-publish","format-standard","has-post-thumbnail","hentry","category-post","category-international"],"_links":{"self":[{"href":"https:\/\/burkinaonline.net\/index.php?rest_route=\/wp\/v2\/posts\/8934","targetHints":{"allow":["GET"]}}],"collection":[{"href":"https:\/\/burkinaonline.net\/index.php?rest_route=\/wp\/v2\/posts"}],"about":[{"href":"https:\/\/burkinaonline.net\/index.php?rest_route=\/wp\/v2\/types\/post"}],"author":[{"embeddable":true,"href":"https:\/\/burkinaonline.net\/index.php?rest_route=\/wp\/v2\/users\/1"}],"replies":[{"embeddable":true,"href":"https:\/\/burkinaonline.net\/index.php?rest_route=%2Fwp%2Fv2%2Fcomments&post=8934"}],"version-history":[{"count":2,"href":"https:\/\/burkinaonline.net\/index.php?rest_route=\/wp\/v2\/posts\/8934\/revisions"}],"predecessor-version":[{"id":8937,"href":"https:\/\/burkinaonline.net\/index.php?rest_route=\/wp\/v2\/posts\/8934\/revisions\/8937"}],"wp:featuredmedia":[{"embeddable":true,"href":"https:\/\/burkinaonline.net\/index.php?rest_route=\/wp\/v2\/media\/8935"}],"wp:attachment":[{"href":"https:\/\/burkinaonline.net\/index.php?rest_route=%2Fwp%2Fv2%2Fmedia&parent=8934"}],"wp:term":[{"taxonomy":"category","embeddable":true,"href":"https:\/\/burkinaonline.net\/index.php?rest_route=%2Fwp%2Fv2%2Fcategories&post=8934"},{"taxonomy":"post_tag","embeddable":true,"href":"https:\/\/burkinaonline.net\/index.php?rest_route=%2Fwp%2Fv2%2Ftags&post=8934"}],"curies":[{"name":"wp","href":"https:\/\/api.w.org\/{rel}","templated":true}]}}