{"id":8938,"date":"2025-11-14T17:21:42","date_gmt":"2025-11-14T17:21:42","guid":{"rendered":"https:\/\/burkinaonline.net\/?p=8938"},"modified":"2025-11-14T17:26:19","modified_gmt":"2025-11-14T17:26:19","slug":"retrait-de-lci-et-tf1-des-bouquets-la-mali-hac-ordonne-la-suspension-immediate","status":"publish","type":"post","link":"https:\/\/burkinaonline.net\/?p=8938","title":{"rendered":"Mali: Retrait imm\u00e9diat de LCI et TF1  des bouquets"},"content":{"rendered":"<p>Bamako, 14 novembre 2025 \u2014 La Haute Autorit\u00e9 de la Communication (HAC) a ordonn\u00e9 le retrait imm\u00e9diat des cha\u00eenes fran\u00e7aises LCI et TF1 des bouquets des op\u00e9rateurs de diffusion et de distribution au Mali. Cette d\u00e9cision a \u00e9t\u00e9 act\u00e9e \u00e0 l\u2019issue d\u2019une d\u00e9lib\u00e9ration du Coll\u00e8ge des membres de la HAC tenue le 12 novembre 2025.<\/p>\n<p>Selon l\u2019Autorit\u00e9, cette mesure intervient \u00e0 la suite de \u00ab manquements graves \u00e0 l\u2019\u00e9thique et \u00e0 la d\u00e9ontologie \u00bb constat\u00e9s dans l\u2019\u00e9mission \u00ab Grand dossier \u00bb diffus\u00e9e le 9 novembre 2025 sur LCI et reprise sur le site web de TF1. Les contenus incrimin\u00e9s, notamment les titres \u00ab Mali, les djihadistes aux portes de Bamako \u00bb et \u00ab Mali, le nouveau fief d\u2019Al-Qa\u00efda \u00bb, sont consid\u00e9r\u00e9s comme constituant :<\/p>\n<ul>\n<li>de l\u2019apologie du terrorisme,<\/li>\n<li>de la diffamation envers les autorit\u00e9s,<\/li>\n<li>de l\u2019incitation \u00e0 la d\u00e9stabilisation,<\/li>\n<li>et la diffusion de fausses nouvelles.<\/li>\n<\/ul>\n<p>La HAC s\u2019appuie sur l\u2019article 41 du d\u00e9cret n\u00b02016-0715\/P-RM du 14 septembre 2016, qui impose aux op\u00e9rateurs de suspendre sans d\u00e9lai tout service \u00e9tranger lorsque l\u2019Autorit\u00e9 le leur ordonne.<\/p>\n<p>Les distributeurs ont donc \u00e9t\u00e9 officiellement invit\u00e9s \u00e0 mettre en \u0153uvre cette d\u00e9cision d\u00e8s r\u00e9ception du courrier, et \u00e0 prendre toutes les mesures n\u00e9cessaires pour assurer son application int\u00e9grale.<\/p>\n<p>La suspension reste en vigueur jusqu\u2019\u00e0 nouvel ordre.<\/p>\n<p>Gildas Kinda<br \/>\nwww.burkinaonline.net<\/p>\n","protected":false},"excerpt":{"rendered":"<p>Bamako, 14 novembre 2025 \u2014 La Haute Autorit\u00e9 de la Communication (HAC) a ordonn\u00e9 le&#8230;<\/p>\n","protected":false},"author":1,"featured_media":8939,"comment_status":"open","ping_status":"open","sticky":false,"template":"","format":"standard","meta":{"footnotes":""},"categories":[8,30],"tags":[],"class_list":["post-8938","post","type-post","status-publish","format-standard","has-post-thumbnail","hentry","category-post","category-aes"],"_links":{"self":[{"href":"https:\/\/burkinaonline.net\/index.php?rest_route=\/wp\/v2\/posts\/8938","targetHints":{"allow":["GET"]}}],"collection":[{"href":"https:\/\/burkinaonline.net\/index.php?rest_route=\/wp\/v2\/posts"}],"about":[{"href":"https:\/\/burkinaonline.net\/index.php?rest_route=\/wp\/v2\/types\/post"}],"author":[{"embeddable":true,"href":"https:\/\/burkinaonline.net\/index.php?rest_route=\/wp\/v2\/users\/1"}],"replies":[{"embeddable":true,"href":"https:\/\/burkinaonline.net\/index.php?rest_route=%2Fwp%2Fv2%2Fcomments&post=8938"}],"version-history":[{"count":4,"href":"https:\/\/burkinaonline.net\/index.php?rest_route=\/wp\/v2\/posts\/8938\/revisions"}],"predecessor-version":[{"id":8944,"href":"https:\/\/burkinaonline.net\/index.php?rest_route=\/wp\/v2\/posts\/8938\/revisions\/8944"}],"wp:featuredmedia":[{"embeddable":true,"href":"https:\/\/burkinaonline.net\/index.php?rest_route=\/wp\/v2\/media\/8939"}],"wp:attachment":[{"href":"https:\/\/burkinaonline.net\/index.php?rest_route=%2Fwp%2Fv2%2Fmedia&parent=8938"}],"wp:term":[{"taxonomy":"category","embeddable":true,"href":"https:\/\/burkinaonline.net\/index.php?rest_route=%2Fwp%2Fv2%2Fcategories&post=8938"},{"taxonomy":"post_tag","embeddable":true,"href":"https:\/\/burkinaonline.net\/index.php?rest_route=%2Fwp%2Fv2%2Ftags&post=8938"}],"curies":[{"name":"wp","href":"https:\/\/api.w.org\/{rel}","templated":true}]}}