{"id":8950,"date":"2025-11-17T17:32:45","date_gmt":"2025-11-17T17:32:45","guid":{"rendered":"https:\/\/burkinaonline.net\/?p=8950"},"modified":"2025-11-17T17:32:45","modified_gmt":"2025-11-17T17:32:45","slug":"crash-a-kolwezi-le-ministre-des-mines-de-la-rdc-sain-et-sauf","status":"publish","type":"post","link":"https:\/\/burkinaonline.net\/?p=8950","title":{"rendered":"Crash \u00e0 Kolwezi : le ministre des Mines de la RDC sain et sauf"},"content":{"rendered":"<p class=\"p1\" style=\"text-align: left;\">Le ministre des Mines de la R\u00e9publique d\u00e9mocratique du Congo, Louis Watum Kabamba, a \u00e9chapp\u00e9 de peu \u00e0 un accident d\u2019avion ce lundi 17 novembre 2025 \u00e0 Kolwezi, dans la province du Lualaba. L\u2019appareil qui transportait le ministre et une vingtaine de membres de sa d\u00e9l\u00e9gation a quitt\u00e9 la piste lors de son atterrissage avant de prendre feu quelques instants plus tard .<\/p>\n<p class=\"p1\"><span class=\"s1\">Selon les premiers t\u00e9moignages, tous les passagers ont pu \u00e9vacuer rapidement l\u2019avion, ne laissant aucune victime. Cependant, les bagages et une partie du mat\u00e9riel de travail de la d\u00e9l\u00e9gation ont \u00e9t\u00e9 d\u00e9truits, l\u2019incendie ayant ravag\u00e9 l\u2019appareil apr\u00e8s l\u2019\u00e9vacuation .<\/span><\/p>\n<p class=\"p1\"><span class=\"s1\">Une enqu\u00eate technique sera ouverte pour d\u00e9terminer les causes exactes de l\u2019accident, notamment un possible probl\u00e8me de pneus signal\u00e9 lors de l\u2019atterrissage .<\/span><\/p>\n<p class=\"p1\"><span class=\"s1\">Le ministre se rendait \u00e0 Kolwezi pour suivre la situation autour d\u2019un \u00e9boulis mortel sur un site minier artisanal, qui aurait fait au moins trente victimes parmi les creuseurs .<\/span><\/p>\n<p class=\"p1\"><span class=\"s1\">Cet incident relance les interrogations sur la s\u00e9curit\u00e9 a\u00e9rienne r\u00e9gionale et met en lumi\u00e8re l\u2019urgence de renforcer la maintenance des appareils op\u00e9rant dans les zones mini\u00e8res du pays.<\/span><\/p>\n<p class=\"p1\"><span class=\"s1\">Gildas Kinda <\/span><\/p>\n<p class=\"p1\"><span class=\"s1\">www.burkinaonline.net<\/span><\/p>\n<p class=\"p1\"><span class=\"s1\">#BurkinaOnline <\/span><\/p>\n","protected":false},"excerpt":{"rendered":"<p>Le ministre des Mines de la R\u00e9publique d\u00e9mocratique du Congo, Louis Watum Kabamba, a \u00e9chapp\u00e9&#8230;<\/p>\n","protected":false},"author":1,"featured_media":8951,"comment_status":"open","ping_status":"open","sticky":false,"template":"","format":"standard","meta":{"footnotes":""},"categories":[8,18],"tags":[],"class_list":["post-8950","post","type-post","status-publish","format-standard","has-post-thumbnail","hentry","category-post","category-international"],"_links":{"self":[{"href":"https:\/\/burkinaonline.net\/index.php?rest_route=\/wp\/v2\/posts\/8950","targetHints":{"allow":["GET"]}}],"collection":[{"href":"https:\/\/burkinaonline.net\/index.php?rest_route=\/wp\/v2\/posts"}],"about":[{"href":"https:\/\/burkinaonline.net\/index.php?rest_route=\/wp\/v2\/types\/post"}],"author":[{"embeddable":true,"href":"https:\/\/burkinaonline.net\/index.php?rest_route=\/wp\/v2\/users\/1"}],"replies":[{"embeddable":true,"href":"https:\/\/burkinaonline.net\/index.php?rest_route=%2Fwp%2Fv2%2Fcomments&post=8950"}],"version-history":[{"count":1,"href":"https:\/\/burkinaonline.net\/index.php?rest_route=\/wp\/v2\/posts\/8950\/revisions"}],"predecessor-version":[{"id":8952,"href":"https:\/\/burkinaonline.net\/index.php?rest_route=\/wp\/v2\/posts\/8950\/revisions\/8952"}],"wp:featuredmedia":[{"embeddable":true,"href":"https:\/\/burkinaonline.net\/index.php?rest_route=\/wp\/v2\/media\/8951"}],"wp:attachment":[{"href":"https:\/\/burkinaonline.net\/index.php?rest_route=%2Fwp%2Fv2%2Fmedia&parent=8950"}],"wp:term":[{"taxonomy":"category","embeddable":true,"href":"https:\/\/burkinaonline.net\/index.php?rest_route=%2Fwp%2Fv2%2Fcategories&post=8950"},{"taxonomy":"post_tag","embeddable":true,"href":"https:\/\/burkinaonline.net\/index.php?rest_route=%2Fwp%2Fv2%2Ftags&post=8950"}],"curies":[{"name":"wp","href":"https:\/\/api.w.org\/{rel}","templated":true}]}}