{"id":8961,"date":"2025-11-19T07:34:01","date_gmt":"2025-11-19T07:34:01","guid":{"rendered":"https:\/\/burkinaonline.net\/?p=8961"},"modified":"2025-11-19T07:34:01","modified_gmt":"2025-11-19T07:34:01","slug":"rencontre-nocturne-au-palais-diomaye-faye-et-ousmane-sonko-tentent-dapaiser-la-crise","status":"publish","type":"post","link":"https:\/\/burkinaonline.net\/?p=8961","title":{"rendered":"Rencontre nocturne au Palais : Diomaye Faye et Ousmane Sonko tentent d\u2019apaiser la crise"},"content":{"rendered":"<p class=\"p1\">Dans la nuit 18 au 19 novembre, le pr\u00e9sident Bassirou Diomaye Faye et le Premier ministre Ousmane Sonko se sont retrouv\u00e9s au Palais de la R\u00e9publique pour une r\u00e9union tenue discr\u00e8tement aux alentours de 23h. Cette rencontre, confirm\u00e9e par plusieurs m\u00e9dias s\u00e9n\u00e9galais, intervient dans un contexte de fortes tensions au sommet de l\u2019\u00c9tat.<\/p>\n<p class=\"p1\"><span class=\"s1\">Depuis plusieurs semaines, des divergences ouvertes opposent les deux hommes autour de la gouvernance de la coalition \u201cDiomaye Pr\u00e9sident\u201d, notamment sur la r\u00e9partition des responsabilit\u00e9s et la direction politique du mouvement. Plusieurs d\u00e9cisions pr\u00e9sidentielles, jug\u00e9es unilat\u00e9rales par une partie de l\u2019entourage de Sonko, ont accentu\u00e9 le malaise.<\/span><\/p>\n<p class=\"p1\"><span class=\"s1\">Selon les sources proches du dossier, l\u2019objectif de la r\u00e9union \u00e9tait clair : \u00e9viter que les dissensions internes ne se transforment en rupture politique visible. Les \u00e9changes auraient port\u00e9 sur la coh\u00e9sion gouvernementale, la communication interne et la n\u00e9cessit\u00e9 de stabiliser l\u2019ex\u00e9cutif dans un contexte \u00e9conomique d\u00e9licat.<\/span><\/p>\n<p class=\"p1\"><span class=\"s1\">En effet, le S\u00e9n\u00e9gal traverse une s\u00e9quence sensible : n\u00e9gociations difficiles avec le FMI, pression sur la dette, nervosit\u00e9 des march\u00e9s internationaux. Toute instabilit\u00e9 suppl\u00e9mentaire pourrait fragiliser davantage la position du pays.<\/span><\/p>\n<p class=\"p1\"><span class=\"s1\">Aucun communiqu\u00e9 officiel n\u2019a \u00e9t\u00e9 publi\u00e9 \u00e0 l\u2019issue de l\u2019entretien. Mais les observateurs d\u00e9crivent une rencontre \u00ab strat\u00e9gique \u00bb, destin\u00e9e \u00e0 \u00e9viter une escalade et \u00e0 r\u00e9tablir un minimum de coordination entre le pr\u00e9sident et son Premier ministre. Reste \u00e0 savoir si cette tentative d\u2019apaisement pourra se transformer en v\u00e9ritable r\u00e9conciliation politique ou si elle ne constitue qu\u2019une tr\u00eave temporaire dans un duel qui s\u2019installe.<\/span><\/p>\n<p>Gildas Kinda<\/p>\n<p>www.burkinaonline.net<\/p>\n","protected":false},"excerpt":{"rendered":"<p>Dans la nuit 18 au 19 novembre, le pr\u00e9sident Bassirou Diomaye Faye et le Premier&#8230;<\/p>\n","protected":false},"author":1,"featured_media":8962,"comment_status":"open","ping_status":"open","sticky":false,"template":"","format":"standard","meta":{"footnotes":""},"categories":[8,11],"tags":[],"class_list":["post-8961","post","type-post","status-publish","format-standard","has-post-thumbnail","hentry","category-post","category-politique"],"_links":{"self":[{"href":"https:\/\/burkinaonline.net\/index.php?rest_route=\/wp\/v2\/posts\/8961","targetHints":{"allow":["GET"]}}],"collection":[{"href":"https:\/\/burkinaonline.net\/index.php?rest_route=\/wp\/v2\/posts"}],"about":[{"href":"https:\/\/burkinaonline.net\/index.php?rest_route=\/wp\/v2\/types\/post"}],"author":[{"embeddable":true,"href":"https:\/\/burkinaonline.net\/index.php?rest_route=\/wp\/v2\/users\/1"}],"replies":[{"embeddable":true,"href":"https:\/\/burkinaonline.net\/index.php?rest_route=%2Fwp%2Fv2%2Fcomments&post=8961"}],"version-history":[{"count":1,"href":"https:\/\/burkinaonline.net\/index.php?rest_route=\/wp\/v2\/posts\/8961\/revisions"}],"predecessor-version":[{"id":8963,"href":"https:\/\/burkinaonline.net\/index.php?rest_route=\/wp\/v2\/posts\/8961\/revisions\/8963"}],"wp:featuredmedia":[{"embeddable":true,"href":"https:\/\/burkinaonline.net\/index.php?rest_route=\/wp\/v2\/media\/8962"}],"wp:attachment":[{"href":"https:\/\/burkinaonline.net\/index.php?rest_route=%2Fwp%2Fv2%2Fmedia&parent=8961"}],"wp:term":[{"taxonomy":"category","embeddable":true,"href":"https:\/\/burkinaonline.net\/index.php?rest_route=%2Fwp%2Fv2%2Fcategories&post=8961"},{"taxonomy":"post_tag","embeddable":true,"href":"https:\/\/burkinaonline.net\/index.php?rest_route=%2Fwp%2Fv2%2Ftags&post=8961"}],"curies":[{"name":"wp","href":"https:\/\/api.w.org\/{rel}","templated":true}]}}