{"id":8973,"date":"2025-11-20T08:15:15","date_gmt":"2025-11-20T08:15:15","guid":{"rendered":"https:\/\/burkinaonline.net\/?p=8973"},"modified":"2025-11-20T08:22:56","modified_gmt":"2025-11-20T08:22:56","slug":"la-nouvelle-tournee-africaine-demmanuel-macron-enjeux-objectifs-et-receptions","status":"publish","type":"post","link":"https:\/\/burkinaonline.net\/?p=8973","title":{"rendered":"Macron en Afrique : une tourn\u00e9e strat\u00e9gique pour r\u00e9inventer les relations franco-africaines"},"content":{"rendered":"<p class=\"p1\">\u00c0 partir de ce \u00a020 novembre 2025, Emmanuel Macron entame une tourn\u00e9e de cinq jours sur le continent africain, marquant une ambition diplomatique forte pour red\u00e9finir les liens entre la France et plusieurs pays strat\u00e9giques. Cette visite s\u2019annonce comme un moment charni\u00e8re dans la diplomatie fran\u00e7aise, \u00e0 la crois\u00e9e des questions \u00e9conomiques, m\u00e9morielles et g\u00e9opolitiques.<\/p>\n<p class=\"p1\"><span class=\"s1\">Les \u00e9tapes de la tourn\u00e9e<\/span><\/p>\n<p class=\"p1\"><span class=\"s1\">Le pr\u00e9sident fran\u00e7ais d\u00e9butera son p\u00e9riple \u00e0 l\u2019\u00cele Maurice, premi\u00e8re escale de la tourn\u00e9e.<\/span><\/p>\n<p class=\"p1\"><span class=\"s1\">Il se rendra ensuite en Afrique du Sud, o\u00f9 il participera au sommet du G20 \u00e0 Johannesburg.<\/span><\/p>\n<p class=\"p1\"><span class=\"s1\">Les deux derni\u00e8res \u00e9tapes de son voyage le m\u00e8neront au Gabon, o\u00f9 il rencontrera le pr\u00e9sident Brice Clotaire Oligui Nguema, puis en Angola, pour un sommet Union europ\u00e9enne \u2013 Union africaine.<\/span><\/p>\n<p class=\"p1\"><span class=\"s1\">Les objectifs affich\u00e9s<\/span><\/p>\n<p class=\"p1\"><span class=\"s1\">Selon l\u2019\u00c9lys\u00e9e, cette tourn\u00e9e vise \u00e0 impulser de nouvelles dynamiques avec l\u2019Afrique et \u00e0 valoriser un renouvellement des relations franco-africaines.<\/span><\/p>\n<p class=\"p1\"><span class=\"s1\">Plusieurs axes sont mis en avant :<\/span><\/p>\n<p class=\"p3\"><span class=\"s1\"> \u2022 \u00c9conomie : renforcer des partenariats jug\u00e9s plus \u00e9quilibr\u00e9s, en impliquant les entreprises fran\u00e7aises dans des projets structurants.<\/span><\/p>\n<p class=\"p3\"><span class=\"s1\"> \u2022 Jeunesse et soci\u00e9t\u00e9 civile : d\u00e9velopper une approche moins centr\u00e9e sur les seuls pouvoirs politiques et davantage tourn\u00e9e vers les jeunes et les acteurs sociaux.<\/span><\/p>\n<p class=\"p3\"><span class=\"s1\"> \u2022 M\u00e9moire et histoire : inscrire l\u2019action diplomatique dans une logique de reconnaissance et de respect mutuel en s\u2019\u00e9loignant des logiques h\u00e9rit\u00e9es de la Fran\u00e7afrique.<\/span><\/p>\n<p class=\"p3\"><span class=\"s1\"> \u2022 S\u00e9curit\u00e9 et coop\u00e9ration r\u00e9gionale : notamment dans l\u2019oc\u00e9an Indien, avec un accent sur la surveillance maritime et la lutte contre les trafics.<\/span><\/p>\n<p class=\"p1\"><span class=\"s1\">Les enjeux g\u00e9opolitiques<\/span><\/p>\n<p class=\"p1\"><span class=\"s1\">Cette tourn\u00e9e intervient dans un contexte de perte d\u2019influence progressive de la France en Afrique, dans un environnement tr\u00e8s concurrentiel o\u00f9 d\u2019autres puissances renforcent leur pr\u00e9sence \u00e9conomique, militaire ou diplomatique.<\/span><\/p>\n<p class=\"p1\"><span class=\"s1\">La strat\u00e9gie fran\u00e7aise se veut d\u00e9sormais moins ax\u00e9e sur la pr\u00e9sence militaire et davantage sur la coop\u00e9ration \u00e9conomique, sociale et climatique.<\/span><\/p>\n<p class=\"p1\"><span class=\"s1\">\u00c0 l\u2019\u00cele Maurice, Macron entend r\u00e9affirmer l\u2019importance strat\u00e9gique de l\u2019oc\u00e9an Indien, tant pour les \u00e9changes \u00e9conomiques que pour la s\u00e9curit\u00e9 maritime.<\/span><\/p>\n<p class=\"p1\"><span class=\"s1\">En Afrique du Sud, il mettra en avant une vision d\u2019avenir, consolid\u00e9e par le G20 et par la mise en place d\u2019un conseil d\u2019affaires franco-sud-africain.<\/span><\/p>\n<p class=\"p1\"><span class=\"s1\">Au Gabon, il souhaite encourager la diversification \u00e9conomique du pays en offrant des opportunit\u00e9s aux entreprises fran\u00e7aises.<\/span><\/p>\n<p class=\"p1\"><span class=\"s1\">En Angola, le sommet Union europ\u00e9enne \u2013 Union africaine portera sur les infrastructures, le d\u00e9veloppement et le r\u00f4le de l\u2019Europe dans le continent africain.<\/span><\/p>\n<p class=\"p1\"><span class=\"s1\">Les d\u00e9fis et critiques<\/span><\/p>\n<p class=\"p5\"><span class=\"s2\"> 1. <\/span><span class=\"s1\">M\u00e9fiance m\u00e9morielle : \u00e9voquer la colonisation ou les relations pass\u00e9es peut raviver des tensions, surtout dans les pays o\u00f9 l\u2019histoire franco-africaine demeure sensible.<\/span><\/p>\n<p class=\"p5\"><span class=\"s2\"> 2. <\/span><span class=\"s1\">Concurrence internationale : la pr\u00e9sence croissante de puissances comme la Chine, la Russie ou l\u2019Inde complexifie la marge de man\u0153uvre fran\u00e7aise.<\/span><\/p>\n<p class=\"p5\"><span class=\"s2\"> 3. <\/span><span class=\"s1\">Cr\u00e9dibilit\u00e9 apr\u00e8s les retraits militaires : le repositionnement strat\u00e9gique de la France doit se traduire par des engagements concrets pour \u00eatre per\u00e7u comme sinc\u00e8re.<\/span><\/p>\n<p class=\"p5\"><span class=\"s2\"> 4. <\/span><span class=\"s1\">R\u00e9ception locale : certains dirigeants et populations pourraient voir cette tourn\u00e9e comme une tentative d\u2019influence plut\u00f4t que comme un partenariat \u00e9galitaire.<\/span><\/p>\n<p class=\"p1\"><span class=\"s1\">Perspectives<\/span><\/p>\n<p class=\"p1\"><span class=\"s1\">Si cette tourn\u00e9e parvient \u00e0 instaurer des engagements concrets et durables, elle pourrait marquer un tournant vers une relation plus moderne, \u00e9quilibr\u00e9e et ouverte entre la France et l\u2019Afrique.<\/span><\/p>\n<p class=\"p1\"><span class=\"s1\">Dans le cas contraire, elle pourrait \u00eatre per\u00e7ue comme un exercice de communication, sans r\u00e9elle transformation des dynamiques de coop\u00e9ration.<\/span><\/p>\n<p class=\"p1\"><span class=\"s1\">Gildas Kinda <\/span><\/p>\n<p class=\"p1\"><span class=\"s2\">www.burkinaonline.net<\/span><\/p>\n","protected":false},"excerpt":{"rendered":"<p>\u00c0 partir de ce \u00a020 novembre 2025, Emmanuel Macron entame une tourn\u00e9e de cinq jours&#8230;<\/p>\n","protected":false},"author":1,"featured_media":8977,"comment_status":"open","ping_status":"open","sticky":false,"template":"","format":"standard","meta":{"footnotes":""},"categories":[8,18],"tags":[],"class_list":["post-8973","post","type-post","status-publish","format-standard","has-post-thumbnail","hentry","category-post","category-international"],"_links":{"self":[{"href":"https:\/\/burkinaonline.net\/index.php?rest_route=\/wp\/v2\/posts\/8973","targetHints":{"allow":["GET"]}}],"collection":[{"href":"https:\/\/burkinaonline.net\/index.php?rest_route=\/wp\/v2\/posts"}],"about":[{"href":"https:\/\/burkinaonline.net\/index.php?rest_route=\/wp\/v2\/types\/post"}],"author":[{"embeddable":true,"href":"https:\/\/burkinaonline.net\/index.php?rest_route=\/wp\/v2\/users\/1"}],"replies":[{"embeddable":true,"href":"https:\/\/burkinaonline.net\/index.php?rest_route=%2Fwp%2Fv2%2Fcomments&post=8973"}],"version-history":[{"count":3,"href":"https:\/\/burkinaonline.net\/index.php?rest_route=\/wp\/v2\/posts\/8973\/revisions"}],"predecessor-version":[{"id":8979,"href":"https:\/\/burkinaonline.net\/index.php?rest_route=\/wp\/v2\/posts\/8973\/revisions\/8979"}],"wp:featuredmedia":[{"embeddable":true,"href":"https:\/\/burkinaonline.net\/index.php?rest_route=\/wp\/v2\/media\/8977"}],"wp:attachment":[{"href":"https:\/\/burkinaonline.net\/index.php?rest_route=%2Fwp%2Fv2%2Fmedia&parent=8973"}],"wp:term":[{"taxonomy":"category","embeddable":true,"href":"https:\/\/burkinaonline.net\/index.php?rest_route=%2Fwp%2Fv2%2Fcategories&post=8973"},{"taxonomy":"post_tag","embeddable":true,"href":"https:\/\/burkinaonline.net\/index.php?rest_route=%2Fwp%2Fv2%2Ftags&post=8973"}],"curies":[{"name":"wp","href":"https:\/\/api.w.org\/{rel}","templated":true}]}}