{"id":8985,"date":"2025-11-26T14:37:55","date_gmt":"2025-11-26T14:37:55","guid":{"rendered":"https:\/\/burkinaonline.net\/?p=8985"},"modified":"2025-11-26T14:37:55","modified_gmt":"2025-11-26T14:37:55","slug":"coup-detat-en-guinee-bissau-le-president-embalo-arrete","status":"publish","type":"post","link":"https:\/\/burkinaonline.net\/?p=8985","title":{"rendered":"Coup d\u2019\u00c9tat en Guin\u00e9e-Bissau : le pr\u00e9sident Embal\u00f3 arr\u00eat\u00e9"},"content":{"rendered":"<p class=\"p1\"><span class=\"s1\">Depuis deux jours, la Guin\u00e9e-Bissau traverse une crise institutionnelle majeure. Le mercredi 26 novembre 2025, des tirs nourris ont \u00e9clat\u00e9 \u00e0 Bissau, autour du palais pr\u00e9sidentiel et du si\u00e8ge de la Commission \u00e9lectorale nationale. En quelques heures, la situation a d\u00e9g\u00e9n\u00e9r\u00e9 en ce qui s\u2019apparente \u00e0 un coup d\u2019\u00c9tat militaire.<\/span><\/p>\n<p class=\"p1\"><span class=\"s1\">Selon plusieurs sources fiables, le pr\u00e9sident Umaro Sissoco Embal\u00f3 a \u00e9t\u00e9 arr\u00eat\u00e9 par des \u00e9l\u00e9ments des forces arm\u00e9es. Le chef d\u2019\u00e9tat-major g\u00e9n\u00e9ral, son adjoint, ainsi que le ministre de l\u2019Int\u00e9rieur figureraient \u00e9galement parmi les responsables interpell\u00e9s. Aucun communiqu\u00e9 officiel n\u2019a encore clarifi\u00e9 la cha\u00eene de commandement ni identifi\u00e9 les officiers ayant pris l\u2019initiative de cette op\u00e9ration.<\/span><\/p>\n<p class=\"p1\"><span class=\"s1\">Cette rupture intervient dans un climat politique extr\u00eamement tendu. Le pays sortait tout juste du scrutin pr\u00e9sidentiel du 23 novembre 2025, marqu\u00e9 par une comp\u00e9tition serr\u00e9e entre le pr\u00e9sident sortant Embal\u00f3 et l\u2019opposant Fernando Dias da Costa. Avant m\u00eame la proclamation des r\u00e9sultats, chacun des deux camps avait revendiqu\u00e9 la victoire, alimentant une situation volatile et un risque accru de confrontation politique.<\/span><\/p>\n<p class=\"p1\"><span class=\"s1\">La crise actuelle fait suite \u00e0 plusieurs alertes r\u00e9centes. Fin octobre, l\u2019arm\u00e9e avait annonc\u00e9 avoir d\u00e9jou\u00e9 une tentative de subversion impliquant des officiers sup\u00e9rieurs. Ces \u00e9v\u00e9nements successifs traduisent une fragilit\u00e9 profonde du syst\u00e8me institutionnel et une militarisation croissante de la vie politique.<\/span><\/p>\n<p class=\"p1\"><span class=\"s1\">Les cons\u00e9quences imm\u00e9diates sont lourdes : paralysie des institutions, incertitude sur la continuit\u00e9 de l\u2019\u00c9tat, risque d\u2019escalade entre factions militaires et possible r\u00e9action des forces politiques rivales. La communaut\u00e9 internationale, notamment la CEDEAO, est attendue pour une prise de position rapide face \u00e0 cette nouvelle rupture de l\u2019ordre constitutionnel dans la sous-r\u00e9gion.<\/span><\/p>\n<p class=\"p1\"><span class=\"s1\">\u00c0 l\u2019heure actuelle, aucune revendication officielle n\u2019a \u00e9t\u00e9 formul\u00e9e par les auteurs du putsch et le sort du pr\u00e9sident Embal\u00f3 reste entour\u00e9 de zones d\u2019ombre. La situation demeure fluide, et la stabilit\u00e9 du pays d\u00e9pendra des prochaines heures, alors que la Guin\u00e9e-Bissau s\u2019enfonce \u00e0 nouveau dans une crise qui pourrait red\u00e9finir son paysage politique.<\/span><\/p>\n<p>Gildas Kinda<\/p>\n<p>www.burkinaonline.net<\/p>\n","protected":false},"excerpt":{"rendered":"<p>Depuis deux jours, la Guin\u00e9e-Bissau traverse une crise institutionnelle majeure. Le mercredi 26 novembre 2025,&#8230;<\/p>\n","protected":false},"author":1,"featured_media":8986,"comment_status":"open","ping_status":"open","sticky":false,"template":"","format":"standard","meta":{"footnotes":""},"categories":[8,18,11],"tags":[],"class_list":["post-8985","post","type-post","status-publish","format-standard","has-post-thumbnail","hentry","category-post","category-international","category-politique"],"_links":{"self":[{"href":"https:\/\/burkinaonline.net\/index.php?rest_route=\/wp\/v2\/posts\/8985","targetHints":{"allow":["GET"]}}],"collection":[{"href":"https:\/\/burkinaonline.net\/index.php?rest_route=\/wp\/v2\/posts"}],"about":[{"href":"https:\/\/burkinaonline.net\/index.php?rest_route=\/wp\/v2\/types\/post"}],"author":[{"embeddable":true,"href":"https:\/\/burkinaonline.net\/index.php?rest_route=\/wp\/v2\/users\/1"}],"replies":[{"embeddable":true,"href":"https:\/\/burkinaonline.net\/index.php?rest_route=%2Fwp%2Fv2%2Fcomments&post=8985"}],"version-history":[{"count":1,"href":"https:\/\/burkinaonline.net\/index.php?rest_route=\/wp\/v2\/posts\/8985\/revisions"}],"predecessor-version":[{"id":8987,"href":"https:\/\/burkinaonline.net\/index.php?rest_route=\/wp\/v2\/posts\/8985\/revisions\/8987"}],"wp:featuredmedia":[{"embeddable":true,"href":"https:\/\/burkinaonline.net\/index.php?rest_route=\/wp\/v2\/media\/8986"}],"wp:attachment":[{"href":"https:\/\/burkinaonline.net\/index.php?rest_route=%2Fwp%2Fv2%2Fmedia&parent=8985"}],"wp:term":[{"taxonomy":"category","embeddable":true,"href":"https:\/\/burkinaonline.net\/index.php?rest_route=%2Fwp%2Fv2%2Fcategories&post=8985"},{"taxonomy":"post_tag","embeddable":true,"href":"https:\/\/burkinaonline.net\/index.php?rest_route=%2Fwp%2Fv2%2Ftags&post=8985"}],"curies":[{"name":"wp","href":"https:\/\/api.w.org\/{rel}","templated":true}]}}