{"id":8988,"date":"2025-11-26T20:47:21","date_gmt":"2025-11-26T20:47:21","guid":{"rendered":"https:\/\/burkinaonline.net\/?p=8988"},"modified":"2025-11-26T20:47:47","modified_gmt":"2025-11-26T20:47:47","slug":"crise-post-electorale-en-guinee-bissau-lunion-africaine-la-cedeao-et-le-forum-des-sages-condamnent-le-coup-detat","status":"publish","type":"post","link":"https:\/\/burkinaonline.net\/?p=8988","title":{"rendered":"Crise post-\u00e9lectorale en Guin\u00e9e-Bissau: l\u2019Union africaine, la CEDEAO et le Forum des Sages condamnent le coup d\u2019\u00c9tat"},"content":{"rendered":"<p class=\"p1\"><span class=\"s1\">Une d\u00e9claration conjointe publi\u00e9e le 26 novembre 2025 \u00e0 Bissau par les Chefs des Missions d\u2019Observation \u00e9lectorale de l\u2019Union africaine, de la CEDEAO, ainsi que le Pr\u00e9sident du Forum ouest-africain des Sages, alerte sur la situation politique tendue en Guin\u00e9e-Bissau \u00e0 la suite des \u00e9lections du 23 novembre.<\/span><\/p>\n<p class=\"p1\"><span class=\"s1\">Les missions observent que le scrutin pr\u00e9sidentiel et l\u00e9gislatif s\u2019est d\u00e9roul\u00e9 de mani\u00e8re pacifique, ordonn\u00e9e et professionnelle, mobilisant \u00e9lecteurs, agents \u00e9lectoraux, forces de s\u00e9curit\u00e9 et repr\u00e9sentants politiques. Elles saluent le civisme du peuple bissau-guin\u00e9en et la bonne conduite g\u00e9n\u00e9rale du vote.<\/span><\/p>\n<p class=\"p1\"><span class=\"s1\">Cependant, les trois organisations expriment une profonde pr\u00e9occupation apr\u00e8s l\u2019annonce d\u2019un coup d\u2019\u00c9tat militaire, intervenue au moment o\u00f9 la Nation attendait la proclamation officielle des r\u00e9sultats. Elles jugent regrettable cette tentative de remettre en cause le choix des \u00e9lecteurs, alors m\u00eame que les observateurs venaient de rencontrer les principaux candidats, qui avaient r\u00e9affirm\u00e9 leur engagement \u00e0 respecter l\u2019issue du scrutin.<\/span><\/p>\n<p class=\"p1\"><span class=\"s1\">La d\u00e9claration d\u00e9plore une attaque directe contre le processus d\u00e9mocratique et appelle l\u2019Union africaine et la CEDEAO \u00e0 prendre les mesures n\u00e9cessaires pour r\u00e9tablir l\u2019ordre constitutionnel. Les organisations d\u00e9noncent \u00e9galement la d\u00e9tention de hauts responsables, dont certains li\u00e9s au processus \u00e9lectoral, et demandent leur lib\u00e9ration imm\u00e9diate.<\/span><\/p>\n<p class=\"p1\"><span class=\"s1\">Les signataires appellent enfin la population \u00e0 la retenue et r\u00e9affirment leur soutien au maintien de la paix, de la stabilit\u00e9 et du bien-\u00eatre du peuple bissau-guin\u00e9en durant cette p\u00e9riode sensible.<\/span><\/p>\n<p class=\"p1\"><span class=\"s1\">Le document est sign\u00e9 par:<\/span><\/p>\n<p class=\"p1\"><span class=\"s1\">\u2022 S.E.M Filipe Jacinto Nyusi, Chef de la Mission d\u2019Observation \u00c9lectorale de l\u2019Union africaine et ancien Pr\u00e9sident du Mozambique<\/span><\/p>\n<p class=\"p1\"><span class=\"s1\">\u2022 S.E.M Issifu Baba Braimah Kamara, Chef de la Mission d\u2019Observation \u00c9lectorale de la CEDEAO<\/span><\/p>\n<p class=\"p1\"><span class=\"s1\">\u2022 S.E.M Goodluck Jonathan, Pr\u00e9sident du Forum ouest-africain des Sages et ancien Pr\u00e9sident du Nigeria.<\/span><\/p>\n<p>Gildas Kinda<\/p>\n<p>www.burkinaonline.net<\/p>\n<p><a href=\"http:\/\/burkinaonline.net\/wp-content\/uploads\/2025\/11\/IMG_2698.jpeg\"><img fetchpriority=\"high\" decoding=\"async\" class=\"alignnone size-medium wp-image-8991\" src=\"http:\/\/burkinaonline.net\/wp-content\/uploads\/2025\/11\/IMG_2698-212x300.jpeg\" alt=\"\" width=\"212\" height=\"300\" srcset=\"https:\/\/burkinaonline.net\/wp-content\/uploads\/2025\/11\/IMG_2698-212x300.jpeg 212w, https:\/\/burkinaonline.net\/wp-content\/uploads\/2025\/11\/IMG_2698-724x1024.jpeg 724w, https:\/\/burkinaonline.net\/wp-content\/uploads\/2025\/11\/IMG_2698-768x1086.jpeg 768w, https:\/\/burkinaonline.net\/wp-content\/uploads\/2025\/11\/IMG_2698-1086x1536.jpeg 1086w, https:\/\/burkinaonline.net\/wp-content\/uploads\/2025\/11\/IMG_2698-1024x1448.jpeg 1024w, https:\/\/burkinaonline.net\/wp-content\/uploads\/2025\/11\/IMG_2698.jpeg 1240w\" sizes=\"(max-width: 212px) 100vw, 212px\" \/><\/a> <a href=\"http:\/\/burkinaonline.net\/wp-content\/uploads\/2025\/11\/IMG_2699.jpeg\"><img decoding=\"async\" class=\"alignnone size-medium wp-image-8992\" src=\"http:\/\/burkinaonline.net\/wp-content\/uploads\/2025\/11\/IMG_2699-212x300.jpeg\" alt=\"\" width=\"212\" height=\"300\" srcset=\"https:\/\/burkinaonline.net\/wp-content\/uploads\/2025\/11\/IMG_2699-212x300.jpeg 212w, https:\/\/burkinaonline.net\/wp-content\/uploads\/2025\/11\/IMG_2699-724x1024.jpeg 724w, https:\/\/burkinaonline.net\/wp-content\/uploads\/2025\/11\/IMG_2699-768x1086.jpeg 768w, https:\/\/burkinaonline.net\/wp-content\/uploads\/2025\/11\/IMG_2699-1086x1536.jpeg 1086w, https:\/\/burkinaonline.net\/wp-content\/uploads\/2025\/11\/IMG_2699-1024x1448.jpeg 1024w, https:\/\/burkinaonline.net\/wp-content\/uploads\/2025\/11\/IMG_2699.jpeg 1240w\" sizes=\"(max-width: 212px) 100vw, 212px\" \/><\/a><\/p>\n","protected":false},"excerpt":{"rendered":"<p>Une d\u00e9claration conjointe publi\u00e9e le 26 novembre 2025 \u00e0 Bissau par les Chefs des Missions&#8230;<\/p>\n","protected":false},"author":1,"featured_media":8989,"comment_status":"open","ping_status":"open","sticky":false,"template":"","format":"standard","meta":{"footnotes":""},"categories":[8,11],"tags":[],"class_list":["post-8988","post","type-post","status-publish","format-standard","has-post-thumbnail","hentry","category-post","category-politique"],"_links":{"self":[{"href":"https:\/\/burkinaonline.net\/index.php?rest_route=\/wp\/v2\/posts\/8988","targetHints":{"allow":["GET"]}}],"collection":[{"href":"https:\/\/burkinaonline.net\/index.php?rest_route=\/wp\/v2\/posts"}],"about":[{"href":"https:\/\/burkinaonline.net\/index.php?rest_route=\/wp\/v2\/types\/post"}],"author":[{"embeddable":true,"href":"https:\/\/burkinaonline.net\/index.php?rest_route=\/wp\/v2\/users\/1"}],"replies":[{"embeddable":true,"href":"https:\/\/burkinaonline.net\/index.php?rest_route=%2Fwp%2Fv2%2Fcomments&post=8988"}],"version-history":[{"count":2,"href":"https:\/\/burkinaonline.net\/index.php?rest_route=\/wp\/v2\/posts\/8988\/revisions"}],"predecessor-version":[{"id":8993,"href":"https:\/\/burkinaonline.net\/index.php?rest_route=\/wp\/v2\/posts\/8988\/revisions\/8993"}],"wp:featuredmedia":[{"embeddable":true,"href":"https:\/\/burkinaonline.net\/index.php?rest_route=\/wp\/v2\/media\/8989"}],"wp:attachment":[{"href":"https:\/\/burkinaonline.net\/index.php?rest_route=%2Fwp%2Fv2%2Fmedia&parent=8988"}],"wp:term":[{"taxonomy":"category","embeddable":true,"href":"https:\/\/burkinaonline.net\/index.php?rest_route=%2Fwp%2Fv2%2Fcategories&post=8988"},{"taxonomy":"post_tag","embeddable":true,"href":"https:\/\/burkinaonline.net\/index.php?rest_route=%2Fwp%2Fv2%2Ftags&post=8988"}],"curies":[{"name":"wp","href":"https:\/\/api.w.org\/{rel}","templated":true}]}}