{"id":8994,"date":"2025-11-27T12:38:40","date_gmt":"2025-11-27T12:38:40","guid":{"rendered":"https:\/\/burkinaonline.net\/?p=8994"},"modified":"2025-11-27T12:38:40","modified_gmt":"2025-11-27T12:38:40","slug":"guinee-bissau-le-general-horta-ntam-investi-president-de-la-transition-pour-un-an","status":"publish","type":"post","link":"https:\/\/burkinaonline.net\/?p=8994","title":{"rendered":"Guin\u00e9e-Bissau. Le g\u00e9n\u00e9ral Horta N\u2019Tam investi pr\u00e9sident de la transition pour un an"},"content":{"rendered":"<p class=\"p1\" style=\"text-align: left;\">Le g\u00e9n\u00e9ral Horta N\u2019Tam a \u00e9t\u00e9 officiellement investi pr\u00e9sident de la transition et chef du Haut commandement militaire charg\u00e9 de diriger la Guin\u00e9e-Bissau pour une p\u00e9riode d\u2019un an. L\u2019annonce a \u00e9t\u00e9 faite jeudi, lors d\u2019une conf\u00e9rence de presse \u00e0 Bissau par les officiers ayant men\u00e9 le coup d\u2019\u00c9tat la veille.<\/p>\n<p class=\"p1\"><span class=\"s1\">La c\u00e9r\u00e9monie de prestation de serment s\u2019est tenue au si\u00e8ge de l\u2019\u00e9tat-major, sous tr\u00e8s haute surveillance. Selon des journalistes de l\u2019AFP pr\u00e9sents sur place, des dizaines de militaires lourdement arm\u00e9s ont \u00e9t\u00e9 d\u00e9ploy\u00e9s autour du b\u00e2timent, traduisant le climat de tension qui r\u00e8gne dans la capitale.<\/span><\/p>\n<p class=\"p1\"><span class=\"s1\">\u00ab Je viens d\u2019\u00eatre investi pour assurer la direction du Haut commandement \u00bb, a d\u00e9clar\u00e9 le g\u00e9n\u00e9ral Horta N\u2019Tam apr\u00e8s avoir pr\u00eat\u00e9 serment. Sa nomination fait suite \u00e0 la prise de contr\u00f4le du pays par un groupe d\u2019officiers ayant suspendu le processus \u00e9lectoral et annonc\u00e9 la fermeture des fronti\u00e8res.<\/span><\/p>\n<p class=\"p1\"><span class=\"s1\">Le nouvel homme fort s\u2019installe ainsi \u00e0 la t\u00eate d\u2019une transition d\u2019un an, dans un pays marqu\u00e9 depuis plusieurs d\u00e9cennies par une instabilit\u00e9 politique chronique et de nombreuses interventions militaires. Cette nouvelle rupture institutionnelle ouvre une p\u00e9riode d\u2019incertitude, alors que la communaut\u00e9 internationale appelle au r\u00e9tablissement rapide de l\u2019ordre constitutionnel.<\/span><\/p>\n<p class=\"p1\"><span class=\"s1\">Gildas Kinda<\/span><\/p>\n<p class=\"p1\"><span class=\"s1\">www.burkinaonline.net<\/span><\/p>\n","protected":false},"excerpt":{"rendered":"<p>Le g\u00e9n\u00e9ral Horta N\u2019Tam a \u00e9t\u00e9 officiellement investi pr\u00e9sident de la transition et chef du&#8230;<\/p>\n","protected":false},"author":1,"featured_media":8995,"comment_status":"open","ping_status":"open","sticky":false,"template":"","format":"standard","meta":{"footnotes":""},"categories":[8,11],"tags":[],"class_list":["post-8994","post","type-post","status-publish","format-standard","has-post-thumbnail","hentry","category-post","category-politique"],"_links":{"self":[{"href":"https:\/\/burkinaonline.net\/index.php?rest_route=\/wp\/v2\/posts\/8994","targetHints":{"allow":["GET"]}}],"collection":[{"href":"https:\/\/burkinaonline.net\/index.php?rest_route=\/wp\/v2\/posts"}],"about":[{"href":"https:\/\/burkinaonline.net\/index.php?rest_route=\/wp\/v2\/types\/post"}],"author":[{"embeddable":true,"href":"https:\/\/burkinaonline.net\/index.php?rest_route=\/wp\/v2\/users\/1"}],"replies":[{"embeddable":true,"href":"https:\/\/burkinaonline.net\/index.php?rest_route=%2Fwp%2Fv2%2Fcomments&post=8994"}],"version-history":[{"count":1,"href":"https:\/\/burkinaonline.net\/index.php?rest_route=\/wp\/v2\/posts\/8994\/revisions"}],"predecessor-version":[{"id":8996,"href":"https:\/\/burkinaonline.net\/index.php?rest_route=\/wp\/v2\/posts\/8994\/revisions\/8996"}],"wp:featuredmedia":[{"embeddable":true,"href":"https:\/\/burkinaonline.net\/index.php?rest_route=\/wp\/v2\/media\/8995"}],"wp:attachment":[{"href":"https:\/\/burkinaonline.net\/index.php?rest_route=%2Fwp%2Fv2%2Fmedia&parent=8994"}],"wp:term":[{"taxonomy":"category","embeddable":true,"href":"https:\/\/burkinaonline.net\/index.php?rest_route=%2Fwp%2Fv2%2Fcategories&post=8994"},{"taxonomy":"post_tag","embeddable":true,"href":"https:\/\/burkinaonline.net\/index.php?rest_route=%2Fwp%2Fv2%2Ftags&post=8994"}],"curies":[{"name":"wp","href":"https:\/\/api.w.org\/{rel}","templated":true}]}}