{"id":8997,"date":"2025-12-07T12:35:25","date_gmt":"2025-12-07T12:35:25","guid":{"rendered":"https:\/\/burkinaonline.net\/?p=8997"},"modified":"2025-12-07T12:35:25","modified_gmt":"2025-12-07T12:35:25","slug":"tentative-de-coup-detat-au-benin-la-cedeao-condamne-et-promet-un-soutien-au-gouvernement","status":"publish","type":"post","link":"https:\/\/burkinaonline.net\/?p=8997","title":{"rendered":"Tentative de coup d\u2019\u00c9tat au B\u00e9nin : la CEDEAO condamne et promet un soutien au gouvernement"},"content":{"rendered":"<p>Abuja, 7 d\u00e9cembre 2025 \u2013 La Communaut\u00e9 \u00e9conomique des \u00c9tats de l\u2019Afrique de l\u2019Ouest (CEDEAO) a exprim\u00e9 sa profonde pr\u00e9occupation face aux informations faisant \u00e9tat d\u2019une tentative de coup d\u2019\u00c9tat militaire en R\u00e9publique du B\u00e9nin. Dans un communiqu\u00e9 officiel publi\u00e9 ce dimanche, l\u2019organisation r\u00e9gionale a fermement condamn\u00e9 cette action qualifi\u00e9e d\u2019\u00ab anticonstitutionnelle \u00bb et de \u00ab subversion de la volont\u00e9 du peuple b\u00e9ninois \u00bb.<\/p>\n<p>La CEDEAO a appel\u00e9 au respect strict de la Constitution du B\u00e9nin et salu\u00e9 les efforts conjoints du gouvernement et de l\u2019arm\u00e9e pour reprendre le contr\u00f4le de la situation. L\u2019organisation a par ailleurs tenu les auteurs du complot responsables, individuellement et collectivement, de toute perte en vies humaines et en biens pouvant r\u00e9sulter de leurs actions.<\/p>\n<p>Dans son communiqu\u00e9, la CEDEAO a r\u00e9affirm\u00e9 son soutien au gouvernement b\u00e9ninois et \u00e0 la population par tous les moyens n\u00e9cessaires, y compris le recours \u00e0 la force r\u00e9gionale en attente, afin de prot\u00e9ger la Constitution et l\u2019int\u00e9grit\u00e9 territoriale du pays.<\/p>\n<p>Ce communiqu\u00e9, \u00e9mis depuis le si\u00e8ge de la CEDEAO \u00e0 Abuja, au Nigeria, souligne l\u2019engagement continu de l\u2019organisation r\u00e9gionale \u00e0 d\u00e9fendre la stabilit\u00e9 et la d\u00e9mocratie en Afrique de l\u2019Ouest.<\/p>\n<p>Gildas Kinda<br \/>\nwww.burkinaonline.net<\/p>\n<p><a href=\"http:\/\/burkinaonline.net\/wp-content\/uploads\/2025\/12\/IMG_3055.jpeg\"><img fetchpriority=\"high\" decoding=\"async\" class=\"alignnone size-medium wp-image-8999\" src=\"http:\/\/burkinaonline.net\/wp-content\/uploads\/2025\/12\/IMG_3055-212x300.jpeg\" alt=\"\" width=\"212\" height=\"300\" srcset=\"https:\/\/burkinaonline.net\/wp-content\/uploads\/2025\/12\/IMG_3055-212x300.jpeg 212w, https:\/\/burkinaonline.net\/wp-content\/uploads\/2025\/12\/IMG_3055-724x1024.jpeg 724w, https:\/\/burkinaonline.net\/wp-content\/uploads\/2025\/12\/IMG_3055-768x1086.jpeg 768w, https:\/\/burkinaonline.net\/wp-content\/uploads\/2025\/12\/IMG_3055-1086x1536.jpeg 1086w, https:\/\/burkinaonline.net\/wp-content\/uploads\/2025\/12\/IMG_3055-1024x1448.jpeg 1024w, https:\/\/burkinaonline.net\/wp-content\/uploads\/2025\/12\/IMG_3055.jpeg 1240w\" sizes=\"(max-width: 212px) 100vw, 212px\" \/><\/a><\/p>\n","protected":false},"excerpt":{"rendered":"<p>Abuja, 7 d\u00e9cembre 2025 \u2013 La Communaut\u00e9 \u00e9conomique des \u00c9tats de l\u2019Afrique de l\u2019Ouest (CEDEAO)&#8230;<\/p>\n","protected":false},"author":1,"featured_media":8998,"comment_status":"open","ping_status":"open","sticky":false,"template":"","format":"standard","meta":{"footnotes":""},"categories":[8,11],"tags":[],"class_list":["post-8997","post","type-post","status-publish","format-standard","has-post-thumbnail","hentry","category-post","category-politique"],"_links":{"self":[{"href":"https:\/\/burkinaonline.net\/index.php?rest_route=\/wp\/v2\/posts\/8997","targetHints":{"allow":["GET"]}}],"collection":[{"href":"https:\/\/burkinaonline.net\/index.php?rest_route=\/wp\/v2\/posts"}],"about":[{"href":"https:\/\/burkinaonline.net\/index.php?rest_route=\/wp\/v2\/types\/post"}],"author":[{"embeddable":true,"href":"https:\/\/burkinaonline.net\/index.php?rest_route=\/wp\/v2\/users\/1"}],"replies":[{"embeddable":true,"href":"https:\/\/burkinaonline.net\/index.php?rest_route=%2Fwp%2Fv2%2Fcomments&post=8997"}],"version-history":[{"count":1,"href":"https:\/\/burkinaonline.net\/index.php?rest_route=\/wp\/v2\/posts\/8997\/revisions"}],"predecessor-version":[{"id":9000,"href":"https:\/\/burkinaonline.net\/index.php?rest_route=\/wp\/v2\/posts\/8997\/revisions\/9000"}],"wp:featuredmedia":[{"embeddable":true,"href":"https:\/\/burkinaonline.net\/index.php?rest_route=\/wp\/v2\/media\/8998"}],"wp:attachment":[{"href":"https:\/\/burkinaonline.net\/index.php?rest_route=%2Fwp%2Fv2%2Fmedia&parent=8997"}],"wp:term":[{"taxonomy":"category","embeddable":true,"href":"https:\/\/burkinaonline.net\/index.php?rest_route=%2Fwp%2Fv2%2Fcategories&post=8997"},{"taxonomy":"post_tag","embeddable":true,"href":"https:\/\/burkinaonline.net\/index.php?rest_route=%2Fwp%2Fv2%2Ftags&post=8997"}],"curies":[{"name":"wp","href":"https:\/\/api.w.org\/{rel}","templated":true}]}}