{"id":9007,"date":"2025-12-08T13:31:09","date_gmt":"2025-12-08T13:31:09","guid":{"rendered":"https:\/\/burkinaonline.net\/?p=9007"},"modified":"2025-12-08T13:31:09","modified_gmt":"2025-12-08T13:31:09","slug":"%f0%9f%94%b4-investiture-dalassane-ouattara-abidjan-au-coeur-de-la-diplomatie-ouest-africaine","status":"publish","type":"post","link":"https:\/\/burkinaonline.net\/?p=9007","title":{"rendered":"\ud83d\udd34 Investiture d\u2019Alassane Ouattara : Abidjan au c\u0153ur de la diplomatie ouest-africaine"},"content":{"rendered":"<p>La C\u00f4te d\u2019Ivoire a v\u00e9cu, ce 8 d\u00e9cembre 2025, une journ\u00e9e politique majeure avec l\u2019investiture du pr\u00e9sident Alassane Ouattara au palais pr\u00e9sidentiel d\u2019Abidjan. La c\u00e9r\u00e9monie, sobre mais fortement symbolique, a r\u00e9uni un parterre impressionnant de chefs d\u2019\u00c9tat africains, confirmant l\u2019importance du pays sur l\u2019\u00e9chiquier r\u00e9gional.<\/p>\n<p>Autour du chef de l\u2019\u00c9tat ivoirien se tenaient notamment Bassirou Diomaye Faye du S\u00e9n\u00e9gal, Mohamed Ould Ghazouani de Mauritanie, Ali Bongo Ondimba du Gabon, Denis Sassou Nguesso du Congo, Nana Akufo-Addo du Ghana, Adama Barrow de Gambie, Julius Maada Bio de Sierra Leone, George Weah du Liberia, Jo\u00e3o Louren\u00e7o d\u2019Angola et Ghazali Osman des Comores. \u00c0 leurs c\u00f4t\u00e9s, plusieurs d\u00e9l\u00e9gations internationales, dont une mission officielle des \u00c9tats-Unis, ont marqu\u00e9 leur soutien.<\/p>\n<p>L\u2019investiture d\u2019Alassane Ouattara rev\u00eat une double port\u00e9e. Sur le plan int\u00e9rieur, elle symbolise la continuit\u00e9 institutionnelle et la stabilit\u00e9 politique, deux \u00e9l\u00e9ments essentiels pour maintenir la dynamique \u00e9conomique engag\u00e9e depuis plusieurs ann\u00e9es. Sur le plan r\u00e9gional et international, la forte participation des dirigeants africains souligne la place strat\u00e9gique de la C\u00f4te d\u2019Ivoire dans la sous-r\u00e9gion, ainsi que le r\u00f4le diplomatique croissant du pays.<\/p>\n<p>En pr\u00eatant serment, le pr\u00e9sident a r\u00e9affirm\u00e9 son engagement \u00e0 d\u00e9fendre la Constitution et \u00e0 pr\u00e9server l\u2019unit\u00e9 nationale, rappelant\u202f:<\/p>\n<p>\u00ab\u202fJe serai le pr\u00e9sident de tous les Ivoiriens, sans distinction. Nos divergences doivent devenir une richesse nationale. Ce mandat sera plac\u00e9 sous le signe de la stabilit\u00e9, de la modernisation des infrastructures, de l\u2019am\u00e9lioration du cadre de vie et de la poursuite des r\u00e9formes \u00e9conomiques et sociales.\u202f\u00bb<\/p>\n<p>Alors que ce quatri\u00e8me mandat s\u2019ouvre pour Alassane Ouattara, son \u00e2ge avanc\u00e9 et la long\u00e9vit\u00e9 exceptionnelle de sa carri\u00e8re pr\u00e9sidentielle soulignent l\u2019importance de cette nouvelle \u00e9tape. Si la stabilit\u00e9 et la continuit\u00e9 restent au centre de ses engagements, des incertitudes persistent quant \u00e0 la mani\u00e8re dont ce mandat se d\u00e9roulera dans un contexte r\u00e9gional parfois fragile. Les observateurs se demandent si la C\u00f4te d\u2019Ivoire pourra achever ce cycle dans la paix et la s\u00e9r\u00e9nit\u00e9, ou si des tensions impr\u00e9vues viendront en brusquer le d\u00e9roulement. Dans tous les cas, ce mandat s\u2019annonce d\u00e9cisif pour l\u2019avenir politique et \u00e9conomique du pays.<br \/>\nAlex Nak\u00e9<br \/>\nwww.burkinaonline.net<br \/>\n#BurkinaOnline<\/p>\n","protected":false},"excerpt":{"rendered":"<p>La C\u00f4te d\u2019Ivoire a v\u00e9cu, ce 8 d\u00e9cembre 2025, une journ\u00e9e politique majeure avec l\u2019investiture&#8230;<\/p>\n","protected":false},"author":1,"featured_media":9008,"comment_status":"open","ping_status":"open","sticky":false,"template":"","format":"standard","meta":{"footnotes":""},"categories":[8,18,11],"tags":[],"class_list":["post-9007","post","type-post","status-publish","format-standard","has-post-thumbnail","hentry","category-post","category-international","category-politique"],"_links":{"self":[{"href":"https:\/\/burkinaonline.net\/index.php?rest_route=\/wp\/v2\/posts\/9007","targetHints":{"allow":["GET"]}}],"collection":[{"href":"https:\/\/burkinaonline.net\/index.php?rest_route=\/wp\/v2\/posts"}],"about":[{"href":"https:\/\/burkinaonline.net\/index.php?rest_route=\/wp\/v2\/types\/post"}],"author":[{"embeddable":true,"href":"https:\/\/burkinaonline.net\/index.php?rest_route=\/wp\/v2\/users\/1"}],"replies":[{"embeddable":true,"href":"https:\/\/burkinaonline.net\/index.php?rest_route=%2Fwp%2Fv2%2Fcomments&post=9007"}],"version-history":[{"count":1,"href":"https:\/\/burkinaonline.net\/index.php?rest_route=\/wp\/v2\/posts\/9007\/revisions"}],"predecessor-version":[{"id":9009,"href":"https:\/\/burkinaonline.net\/index.php?rest_route=\/wp\/v2\/posts\/9007\/revisions\/9009"}],"wp:featuredmedia":[{"embeddable":true,"href":"https:\/\/burkinaonline.net\/index.php?rest_route=\/wp\/v2\/media\/9008"}],"wp:attachment":[{"href":"https:\/\/burkinaonline.net\/index.php?rest_route=%2Fwp%2Fv2%2Fmedia&parent=9007"}],"wp:term":[{"taxonomy":"category","embeddable":true,"href":"https:\/\/burkinaonline.net\/index.php?rest_route=%2Fwp%2Fv2%2Fcategories&post=9007"},{"taxonomy":"post_tag","embeddable":true,"href":"https:\/\/burkinaonline.net\/index.php?rest_route=%2Fwp%2Fv2%2Ftags&post=9007"}],"curies":[{"name":"wp","href":"https:\/\/api.w.org\/{rel}","templated":true}]}}