{"id":9010,"date":"2025-12-08T20:15:52","date_gmt":"2025-12-08T20:15:52","guid":{"rendered":"https:\/\/burkinaonline.net\/?p=9010"},"modified":"2025-12-08T20:15:52","modified_gmt":"2025-12-08T20:15:52","slug":"coup-detat-dejoue-au-benin-24-heures-chrono-a-cotonou-le-film-integral-du-putsch-et-de-la-riposte","status":"publish","type":"post","link":"https:\/\/burkinaonline.net\/?p=9010","title":{"rendered":"Coup d\u2019\u00c9tat d\u00e9jou\u00e9 au B\u00e9nin : 24 heures chrono \u00e0 Cotonou, le film int\u00e9gral du putsch et de la riposte."},"content":{"rendered":"<p class=\"p2\"><span class=\"s1\">La R\u00e9publique du B\u00e9nin a fr\u00f4l\u00e9 le chaos dimanche 7 d\u00e9cembre 2025, lorsqu\u2019un groupuscule de soldats mutins a tent\u00e9 de renverser le r\u00e9gime. Le Conseil Extraordinaire des Ministres, tenu le lendemain, a r\u00e9v\u00e9l\u00e9 l\u2019ampleur du complot : les assaillants avaient planifi\u00e9 de <\/span><span class=\"s2\">d\u00e9mettre le Pr\u00e9sident de la R\u00e9publique<\/span><span class=\"s1\">, de soumettre les institutions, et de remettre en cause l\u2019ordre constitutionnel \u00e9tabli. L\u2019op\u00e9ration a d\u00e9but\u00e9 par des tentatives d\u2019enl\u00e8vement d\u2019officiers sup\u00e9rieurs, faisant une victime collat\u00e9rale tragique, et a culmin\u00e9 par un <\/span><span class=\"s2\">violent affrontement \u00e0 l\u2019aube devant la r\u00e9sidence du Chef de l\u2019\u00c9tat<\/span><span class=\"s1\">. Gr\u00e2ce \u00e0 la r\u00e9sistance acharn\u00e9e de l\u2019Arm\u00e9e loyale et \u00e0 l\u2019intervention chirurgicale de l\u2019aviation nig\u00e9riane, la mutinerie a \u00e9t\u00e9 neutralis\u00e9e et l\u2019ordre r\u00e9publicain r\u00e9tabli<\/span><\/p>\n<p class=\"p3\"><span class=\"s3\">Compte rendu du Conseil Extraordinaire des Ministres du 08 d\u00e9c. 2025<\/span><\/p>\n<p class=\"p2\"><span class=\"s1\">La s\u00e9ance a \u00e9t\u00e9 \u00e9largie aux ministres conseillers et au haut commandement des Forces de D\u00e9fense et de S\u00e9curit\u00e9.<\/span><\/p>\n<p class=\"p2\"><span class=\"s1\">L\u2019ordre du jour a port\u00e9 exclusivement sur les \u00e9v\u00e9nements survenus dans la journ\u00e9e du dimanche 7 d\u00e9cembre 2025.<\/span><\/p>\n<p class=\"p2\"><span class=\"s1\">Il ressort du point d\u00e9taill\u00e9 fait par le Chef de l\u2019Etat, que le groupuscule de soldats ayant organis\u00e9 la mutinerie, avait planifi\u00e9 de d\u00e9mettre de ses Fonctions le Pr\u00e9sident de la R\u00e9publique lui-m\u00eame, de soumettre les Institutions de la R\u00e9publique, et de remettre en cause l\u2019ordre constitutionnel \u00e9tabli.<\/span><\/p>\n<p class=\"p2\"><span class=\"s1\">Pour ce faire, ils ont entrepris, dans un premier temps, de neutraliser ou de kidnapper certains officiers g\u00e9n\u00e9raux et sup\u00e9rieurs de l\u2019Arm\u00e9e \u00e0 raison des responsabilit\u00e9s qu\u2019ils occupent au sein des Forces Arm\u00e9es b\u00e9ninoises ou de l\u2019appareil d\u2019Etat.<\/span><\/p>\n<p class=\"p2\"><span class=\"s1\">C\u2019est ainsi qu\u2019ils se sont rendus d\u2019abord vers 2h du matin au domicile du Directeur du cabinet militaire du Pr\u00e9sident de la R\u00e9publique, le g\u00e9n\u00e9ral Bertin BADA, qui a r\u00e9ussi \u00e0 leur \u00e9chapper et dont ils ont mortellement bless\u00e9 l\u2019\u00e9pouse.<\/span><\/p>\n<p class=\"p2\"><span class=\"s1\">Inform\u00e9, le commandement militaire avait requis l\u2019appui de la base militaire de Togbin pour apporter du soutien au g\u00e9n\u00e9ral BADA. Le peu de diligence de cette base a conduit \u00e0 demander au commandant de celle-ci, le colonel Fa\u00efzou GOMINA dont elle rel\u00e8ve, de s\u2019y rendre instamment. Une fois sur les lieux, celui-ci sera violent\u00e9 et fait otage. C\u2019est alors qu\u2019il a \u00e9t\u00e9 su que la mutinerie y a pris corps.<\/span><\/p>\n<p class=\"p2\"><span class=\"s1\">Entre temps, cap a \u00e9t\u00e9 mis sur le domicile du g\u00e9n\u00e9ral Abou ISSA, chef d\u2019\u00e9tat-major de l\u2019Arm\u00e9e de Terre, qui a oppos\u00e9 une farouche r\u00e9sistance aux mutins avant qu\u2019il n\u2019ait \u00e9t\u00e9 kidnapp\u00e9 un peu plus tard par une \u00e9quipe suppos\u00e9ment venue en renfort.<\/span><\/p>\n<p class=\"p2\"><span class=\"s1\">C\u2019est \u00e0 partir de ce moment que la confirmation est faite que la mutinerie venait bien de la base de Togbin.<\/span><\/p>\n<p class=\"p2\"><span class=\"s1\">Tr\u00e8s vite, les renseignements militaires ont permis de savoir que les mutins sont partis de ladite base avec des armes et des engins blind\u00e9s.<\/span><\/p>\n<p class=\"p2\"><span class=\"s1\">Dans leur progression, autour de 5h du matin, ils se sont port\u00e9s vers la r\u00e9sidence du Chef de l\u2019Etat o\u00f9 la Garde r\u00e9publicaine alert\u00e9e et sous les ordres de sa hi\u00e9rarchie, les attendait fermement. Un rude combat s\u2019en est suivi tant les mutins tenaient \u00e0 contr\u00f4ler la situation afin de se saisir de la personne du Pr\u00e9sident de la R\u00e9publique. Celui-ci, aux c\u00f4t\u00e9s des \u00e9l\u00e9ments de la Garde R\u00e9publicaine, a v\u00e9cu les violents affrontements en direct avec des victimes des deux c\u00f4t\u00e9s, jusqu\u2019\u00e0 ce que les assaillants, d\u00e9bord\u00e9s par la farouche r\u00e9sistance des soldats loyaux, battent en retraite.<\/span><\/p>\n<p class=\"p2\"><span class=\"s1\">Mais, tenant \u00e0 ex\u00e9cuter la suite de leur plan, les mutins se sont dirig\u00e9s vers la T\u00e9l\u00e9vision nationale qu\u2019ils ont contr\u00f4l\u00e9e pendant un bout de temps, y faisant une d\u00e9claration, avant d\u2019en \u00eatre d\u00e9log\u00e9s par l\u2019Arm\u00e9e loyale. Pris de panique, ils ont donc d\u00e9camp\u00e9, abandonnant sur place certains de leurs \u00e9l\u00e9ments qui ont \u00e9t\u00e9 aussit\u00f4t arr\u00eat\u00e9s.<\/span><\/p>\n<p class=\"p2\"><span class=\"s1\">Pour autant, les soldats mutins n\u2019avaient pas r\u00e9solu de jeter les armes. Loin s\u2019en faut puisque quelques instants apr\u00e8s, ils ont essay\u00e9 d\u2019ouvrir d\u2019autres fronts, notamment \u00e0 la base militaire de Togbin o\u00f9 ils disposaient encore de blind\u00e9s. Rapidement, l\u2019Arm\u00e9e r\u00e9publicaine renforc\u00e9e par les casernes voisines a encercl\u00e9 la base, rendant tout mouvement des mutins impossible, et se tenait pr\u00eate \u00e0 donner l\u2019assaut final.<\/span><\/p>\n<p class=\"p2\"><span class=\"s1\">Mais celle-ci \u00e9tant au c\u0153ur d\u2019une zone d\u2019habitation, le Chef supr\u00eame des Arm\u00e9es et le commandement militaire ne voulaient pas que s\u2019y d\u00e9roulent des affrontements \u00e0 l\u2019arme lourde au risque de faire de nombreuses victimes collat\u00e9rales dans le rang des populations. Il a \u00e9t\u00e9 alors d\u00e9cid\u00e9 des frappes a\u00e9riennes cibl\u00e9es, chirurgicales, sans exposer les quartiers environnants de Togbin et Fidjross\u00e8, de m\u00eame que des victimes innocentes du c\u00f4t\u00e9 des militaires.<\/span><\/p>\n<p class=\"p2\"><span class=\"s1\">A partir de cet instant, la coop\u00e9ration sous-r\u00e9gionale s\u2019est mise en branle, sous l\u2019\u00e9gide de la CEDEAO et \u00e0 la demande de notre pays. Le Nigeria nous est d\u00e8s lors venu en assistance en menant des frappes en fin de journ\u00e9e, par son aviation militaire qui a immobilis\u00e9 certains des engins blind\u00e9s.<\/span><\/p>\n<p class=\"p2\"><span class=\"s1\">Cette op\u00e9ration s\u2019est d\u00e9roul\u00e9e avec succ\u00e8s, sans pertes en vies humaines. Les derniers assaillants, ayant vu les man\u0153uvres pr\u00e9paratoires, ont pris la cl\u00e9 des champs.<\/span><\/p>\n<p class=\"p2\"><span class=\"s1\">Le contr\u00f4le de la base a alors \u00e9t\u00e9 repris et, y est actuellement log\u00e9e, une force en attente de la CEDEAO compos\u00e9e de soldats nig\u00e9rians arriv\u00e9s dans la nuit de dimanche \u00e0 lundi pour soutenir les efforts de l\u2019Arm\u00e9e r\u00e9publicaine.<\/span><\/p>\n<p class=\"p2\"><span class=\"s1\">De m\u00eame, toujours dans le cadre de cette coop\u00e9ration sous-r\u00e9gionale, une force sp\u00e9ciale est venue de C\u00f4te d\u2019Ivoire en cette m\u00eame fin de journ\u00e9e du dimanche pour se positionner \u00e0 Cotonou en vue d\u2019autres actions si besoin en \u00e9tait.<\/span><\/p>\n<p class=\"p2\"><span class=\"s1\">Enfin, il est \u00e0 signaler que les officiers sup\u00e9rieurs retenus en otage, le g\u00e9n\u00e9ral Abou ISSA et le colonel Fa\u00efzou GOMINA, gr\u00e2ce \u00e0 la diligence des renseignements et du dispositif mis en place, ont pu \u00eatre lib\u00e9r\u00e9s au petit matin de ce lundi 8 d\u00e9cembre dans la ville de Tchaourou o\u00f9 ils avaient d\u00e9j\u00e0 \u00e9t\u00e9 conduits par les mutins en fuite, lesquels mena\u00e7aient d\u2019attenter \u00e0 leurs vies.<\/span><\/p>\n<p class=\"p2\"><span class=\"s1\">Au regard de la gravit\u00e9 des faits, le Gouvernement a observ\u00e9 une minute de silence en m\u00e9moire de ceux qui ont perdu la vie, exprim\u00e9 son soutien aux bless\u00e9s, puis ordonn\u00e9 que les enqu\u00eates d\u00e9j\u00e0 ouvertes permettent d\u2019identifier tous les auteurs et leurs commanditaires quels qu\u2019ils soient, de situer les responsabilit\u00e9s afin qu\u2019ils en r\u00e9pondent, d\u2019\u00e9valuer les d\u00e9g\u00e2ts mat\u00e9riels y compris ceux collat\u00e9raux subis par des civils et d\u2019envisager une r\u00e9paration par l\u2019Etat.<\/span><\/p>\n<p class=\"p2\"><span class=\"s1\">Saisissant cette occasion, le Pr\u00e9sident de la R\u00e9publique a tenu \u00e0 remercier l\u2019ensemble du Peuple b\u00e9ninois pour son soutien ind\u00e9fectible et son attachement \u00e0 la bonne marche de notre pays. Il a f\u00e9licit\u00e9 notre Arm\u00e9e et ses responsables qui ont su montrer leur loyaut\u00e9 et leur sens du devoir r\u00e9publicain\u00a0; puis instruit afin que les familles de ceux qui se sont sacrifi\u00e9s en d\u00e9fendant la patrie soient assist\u00e9es convenablement. De m\u00eame, il s\u2019est f\u00e9licit\u00e9 de la solidarit\u00e9 des pays de la CEDEAO, en particulier le Nigeria et de la C\u00f4te d\u2019Ivoire.<\/span><\/p>\n<p class=\"p2\"><span class=\"s1\">Il n\u2019a pas manqu\u00e9 d\u2019inviter le Gouvernement et le Peuple tout entier \u00e0 voir dans cette \u00e9preuve, un motif de continuer \u00e0 b\u00e2tir un B\u00e9nin fort et r\u00e9silient, qui prot\u00e8ge l\u2019ensemble de ses enfants mais o\u00f9 chacun devra aussi apprendre \u00e0 r\u00e9pondre de ses actes surtout lorsqu\u2019ils se r\u00e9v\u00e8lent attentatoires aux int\u00e9r\u00eats du pays.<\/span><\/p>\n<p class=\"p2\"><span class=\"s1\">Enfin, il a affirm\u00e9 sa conviction que notre pays va poursuivre sa marche vers le progr\u00e8s et que nous devons tirer tous les enseignements de ces \u00e9v\u00e9nements pour qu\u2019ils ne se reproduisent plus jamais.<\/span><\/p>\n<p class=\"p2\"><span class=\"s1\">Fait \u00e0 Cotonou, le 8 d\u00e9cembre 2025,<\/span><\/p>\n<p class=\"p2\"><span class=\"s1\">Le Secr\u00e9taire G\u00e9n\u00e9ral du Gouvernement,<\/span><\/p>\n<p class=\"p2\"><span class=\"s1\">Edouard OUIN-OURO.<\/span><\/p>\n<p>#Burkinaonline<\/p>\n<p>www.burkinaonline.net<\/p>\n","protected":false},"excerpt":{"rendered":"<p>La R\u00e9publique du B\u00e9nin a fr\u00f4l\u00e9 le chaos dimanche 7 d\u00e9cembre 2025, lorsqu\u2019un groupuscule de&#8230;<\/p>\n","protected":false},"author":1,"featured_media":9011,"comment_status":"open","ping_status":"open","sticky":false,"template":"","format":"standard","meta":{"footnotes":""},"categories":[8,11],"tags":[],"class_list":["post-9010","post","type-post","status-publish","format-standard","has-post-thumbnail","hentry","category-post","category-politique"],"_links":{"self":[{"href":"https:\/\/burkinaonline.net\/index.php?rest_route=\/wp\/v2\/posts\/9010","targetHints":{"allow":["GET"]}}],"collection":[{"href":"https:\/\/burkinaonline.net\/index.php?rest_route=\/wp\/v2\/posts"}],"about":[{"href":"https:\/\/burkinaonline.net\/index.php?rest_route=\/wp\/v2\/types\/post"}],"author":[{"embeddable":true,"href":"https:\/\/burkinaonline.net\/index.php?rest_route=\/wp\/v2\/users\/1"}],"replies":[{"embeddable":true,"href":"https:\/\/burkinaonline.net\/index.php?rest_route=%2Fwp%2Fv2%2Fcomments&post=9010"}],"version-history":[{"count":1,"href":"https:\/\/burkinaonline.net\/index.php?rest_route=\/wp\/v2\/posts\/9010\/revisions"}],"predecessor-version":[{"id":9012,"href":"https:\/\/burkinaonline.net\/index.php?rest_route=\/wp\/v2\/posts\/9010\/revisions\/9012"}],"wp:featuredmedia":[{"embeddable":true,"href":"https:\/\/burkinaonline.net\/index.php?rest_route=\/wp\/v2\/media\/9011"}],"wp:attachment":[{"href":"https:\/\/burkinaonline.net\/index.php?rest_route=%2Fwp%2Fv2%2Fmedia&parent=9010"}],"wp:term":[{"taxonomy":"category","embeddable":true,"href":"https:\/\/burkinaonline.net\/index.php?rest_route=%2Fwp%2Fv2%2Fcategories&post=9010"},{"taxonomy":"post_tag","embeddable":true,"href":"https:\/\/burkinaonline.net\/index.php?rest_route=%2Fwp%2Fv2%2Ftags&post=9010"}],"curies":[{"name":"wp","href":"https:\/\/api.w.org\/{rel}","templated":true}]}}