{"id":9013,"date":"2025-12-08T22:05:51","date_gmt":"2025-12-08T22:05:51","guid":{"rendered":"https:\/\/burkinaonline.net\/?p=9013"},"modified":"2025-12-08T22:17:57","modified_gmt":"2025-12-08T22:17:57","slug":"violation-de-lespace-aerien-de-laes-la-confederation-hausse-le-ton-apres-lincursion-dun-c130-nigerian","status":"publish","type":"post","link":"https:\/\/burkinaonline.net\/?p=9013","title":{"rendered":"Violation de l\u2019espace a\u00e9rien de l\u2019AES : la Conf\u00e9d\u00e9ration hausse le ton apr\u00e8s l\u2019incursion d\u2019un C130 nig\u00e9rian"},"content":{"rendered":"<p>La Conf\u00e9d\u00e9ration des \u00c9tats du Sahel (AES) a publi\u00e9 ce 08 d\u00e9cembre 2025 un communiqu\u00e9 officiel annon\u00e7ant qu\u2019un a\u00e9ronef militaire de type C130, appartenant \u00e0 l\u2019Arm\u00e9e de l\u2019Air nig\u00e9riane, a \u00e9t\u00e9 contraint de se poser d\u2019urgence \u00e0 Bobo-Dioulasso, au Burkina Faso. L\u2019appareil transportait deux membres d\u2019\u00e9quipage et neuf passagers, tous militaires.<\/p>\n<p>Selon les autorit\u00e9s burkinab\u00e8, l\u2019enqu\u00eate ouverte imm\u00e9diatement apr\u00e8s l\u2019atterrissage a r\u00e9v\u00e9l\u00e9 que l\u2019avion ne disposait d\u2019aucune autorisation de survol du territoire national. Cette absence d\u2019autorisation constitue, pour la Conf\u00e9d\u00e9ration, une violation caract\u00e9ris\u00e9e de la souverainet\u00e9 et de l\u2019int\u00e9grit\u00e9 territoriale de ses \u00c9tats membres.<\/p>\n<p>Dans sa d\u00e9claration, l\u2019AES condamne fermement cet acte qualifi\u00e9 d\u2019\u00ab inamical \u00bb et contraire au droit international, ainsi qu\u2019aux r\u00e8gles encadrant les survols d\u2019a\u00e9ronefs militaires. La Conf\u00e9d\u00e9ration affirme avoir pris des mesures pour renforcer la s\u00e9curit\u00e9 de son espace a\u00e9rien et prot\u00e9ger les populations.<\/p>\n<p>Conform\u00e9ment \u00e0 la D\u00e9claration du Coll\u00e8ge des Chefs d\u2019\u00c9tat du 22 d\u00e9cembre 2024, les d\u00e9fenses a\u00e9riennes et antia\u00e9riennes de l\u2019espace conf\u00e9d\u00e9ral ont \u00e9t\u00e9 mises en alerte maximale. Elles sont d\u00e9sormais autoris\u00e9es \u00e0 neutraliser tout a\u00e9ronef p\u00e9n\u00e9trant l\u2019espace a\u00e9rien conf\u00e9d\u00e9ral sans autorisation pr\u00e9alable.<\/p>\n<p>Cette mise en garde intervient dans un contexte r\u00e9gional marqu\u00e9 par des tensions croissantes et un durcissement des positions diplomatiques. Pour l\u2019AES, l\u2019objectif est clair : r\u00e9affirmer son contr\u00f4le absolu sur son espace a\u00e9rien et rappeler que toute incursion non autoris\u00e9e sera trait\u00e9e avec la plus grande rigueur.<\/p>\n<p>Gildas Kinda<br \/>\nwww.burkinaonline.net<\/p>\n<p><a href=\"http:\/\/burkinaonline.net\/wp-content\/uploads\/2025\/12\/IMG_3129.jpeg\"><img fetchpriority=\"high\" decoding=\"async\" class=\"alignnone size-medium wp-image-9017\" src=\"http:\/\/burkinaonline.net\/wp-content\/uploads\/2025\/12\/IMG_3129-212x300.jpeg\" alt=\"\" width=\"212\" height=\"300\" srcset=\"https:\/\/burkinaonline.net\/wp-content\/uploads\/2025\/12\/IMG_3129-212x300.jpeg 212w, https:\/\/burkinaonline.net\/wp-content\/uploads\/2025\/12\/IMG_3129-724x1024.jpeg 724w, https:\/\/burkinaonline.net\/wp-content\/uploads\/2025\/12\/IMG_3129-768x1086.jpeg 768w, https:\/\/burkinaonline.net\/wp-content\/uploads\/2025\/12\/IMG_3129-1087x1536.jpeg 1087w, https:\/\/burkinaonline.net\/wp-content\/uploads\/2025\/12\/IMG_3129-1024x1448.jpeg 1024w, https:\/\/burkinaonline.net\/wp-content\/uploads\/2025\/12\/IMG_3129.jpeg 1240w\" sizes=\"(max-width: 212px) 100vw, 212px\" \/><\/a> <a href=\"http:\/\/burkinaonline.net\/wp-content\/uploads\/2025\/12\/IMG_3130.jpeg\"><img decoding=\"async\" class=\"alignnone size-medium wp-image-9018\" src=\"http:\/\/burkinaonline.net\/wp-content\/uploads\/2025\/12\/IMG_3130-212x300.jpeg\" alt=\"\" width=\"212\" height=\"300\" srcset=\"https:\/\/burkinaonline.net\/wp-content\/uploads\/2025\/12\/IMG_3130-212x300.jpeg 212w, https:\/\/burkinaonline.net\/wp-content\/uploads\/2025\/12\/IMG_3130-724x1024.jpeg 724w, https:\/\/burkinaonline.net\/wp-content\/uploads\/2025\/12\/IMG_3130-768x1086.jpeg 768w, https:\/\/burkinaonline.net\/wp-content\/uploads\/2025\/12\/IMG_3130-1087x1536.jpeg 1087w, https:\/\/burkinaonline.net\/wp-content\/uploads\/2025\/12\/IMG_3130-1024x1448.jpeg 1024w, https:\/\/burkinaonline.net\/wp-content\/uploads\/2025\/12\/IMG_3130.jpeg 1240w\" sizes=\"(max-width: 212px) 100vw, 212px\" \/><\/a><\/p>\n","protected":false},"excerpt":{"rendered":"<p>La Conf\u00e9d\u00e9ration des \u00c9tats du Sahel (AES) a publi\u00e9 ce 08 d\u00e9cembre 2025 un communiqu\u00e9&#8230;<\/p>\n","protected":false},"author":1,"featured_media":9016,"comment_status":"open","ping_status":"open","sticky":false,"template":"","format":"standard","meta":{"footnotes":""},"categories":[8,11],"tags":[],"class_list":["post-9013","post","type-post","status-publish","format-standard","has-post-thumbnail","hentry","category-post","category-politique"],"_links":{"self":[{"href":"https:\/\/burkinaonline.net\/index.php?rest_route=\/wp\/v2\/posts\/9013","targetHints":{"allow":["GET"]}}],"collection":[{"href":"https:\/\/burkinaonline.net\/index.php?rest_route=\/wp\/v2\/posts"}],"about":[{"href":"https:\/\/burkinaonline.net\/index.php?rest_route=\/wp\/v2\/types\/post"}],"author":[{"embeddable":true,"href":"https:\/\/burkinaonline.net\/index.php?rest_route=\/wp\/v2\/users\/1"}],"replies":[{"embeddable":true,"href":"https:\/\/burkinaonline.net\/index.php?rest_route=%2Fwp%2Fv2%2Fcomments&post=9013"}],"version-history":[{"count":3,"href":"https:\/\/burkinaonline.net\/index.php?rest_route=\/wp\/v2\/posts\/9013\/revisions"}],"predecessor-version":[{"id":9020,"href":"https:\/\/burkinaonline.net\/index.php?rest_route=\/wp\/v2\/posts\/9013\/revisions\/9020"}],"wp:featuredmedia":[{"embeddable":true,"href":"https:\/\/burkinaonline.net\/index.php?rest_route=\/wp\/v2\/media\/9016"}],"wp:attachment":[{"href":"https:\/\/burkinaonline.net\/index.php?rest_route=%2Fwp%2Fv2%2Fmedia&parent=9013"}],"wp:term":[{"taxonomy":"category","embeddable":true,"href":"https:\/\/burkinaonline.net\/index.php?rest_route=%2Fwp%2Fv2%2Fcategories&post=9013"},{"taxonomy":"post_tag","embeddable":true,"href":"https:\/\/burkinaonline.net\/index.php?rest_route=%2Fwp%2Fv2%2Ftags&post=9013"}],"curies":[{"name":"wp","href":"https:\/\/api.w.org\/{rel}","templated":true}]}}