{"id":9021,"date":"2025-12-09T14:25:03","date_gmt":"2025-12-09T14:25:03","guid":{"rendered":"https:\/\/burkinaonline.net\/?p=9021"},"modified":"2025-12-09T14:25:03","modified_gmt":"2025-12-09T14:25:03","slug":"la-france-confirme-son-appui-au-benin-lors-du-putsch-manque","status":"publish","type":"post","link":"https:\/\/burkinaonline.net\/?p=9021","title":{"rendered":"La France confirme son appui au B\u00e9nin lors du putsch manqu\u00e9"},"content":{"rendered":"<p class=\"p1\">Paris \u2013 Cotonou \u2013 La France a reconnu avoir apport\u00e9 un soutien aux autorit\u00e9s b\u00e9ninoises lors de la tentative de coup d\u2019\u00c9tat du 7 d\u00e9cembre 2025. Selon le minist\u00e8re fran\u00e7ais des Affaires \u00e9trang\u00e8res, cet appui a consist\u00e9 principalement en surveillance, observation et soutien logistique, en r\u00e9ponse \u00e0 une demande officielle du gouvernement b\u00e9ninois.<\/p>\n<p class=\"p1\"><span class=\"s1\">L\u2019assistance comprenait le d\u00e9ploiement d\u2019un avion de reconnaissance pour suivre les mouvements des forces mutines et la mise en alerte de unit\u00e9s sp\u00e9cialis\u00e9es fran\u00e7aises, pr\u00eates \u00e0 intervenir si la situation se d\u00e9t\u00e9riorait. Cette mobilisation visait \u00e0 pr\u00e9server la s\u00e9curit\u00e9 des ressortissants fran\u00e7ais et \u00e0 soutenir le r\u00e9tablissement de l\u2019ordre constitutionnel.<\/span><\/p>\n<p class=\"p1\"><span class=\"s1\">Le gouvernement fran\u00e7ais a soulign\u00e9 que son r\u00f4le \u00e9tait strictement logistique et pr\u00e9ventif, sans engagement direct dans les combats. Cette assistance s\u2019inscrit dans le cadre des relations bilat\u00e9rales avec le B\u00e9nin, o\u00f9 Paris maintient une coop\u00e9ration militaire et s\u00e9curitaire de longue date.<\/span><\/p>\n<p class=\"p1\"><span class=\"s1\">La reconnaissance officielle de cet appui intervient quelques jours apr\u00e8s la diffusion de rapports indiquant que la tentative de coup d\u2019\u00c9tat avait \u00e9t\u00e9 rapidement contenue par les forces r\u00e9guli\u00e8res b\u00e9ninoises. La France a par ailleurs confirm\u00e9 sa disponibilit\u00e9 \u00e0 soutenir le B\u00e9nin dans la stabilisation post-crise.<\/span><\/p>\n<p class=\"p1\"><span class=\"s1\">Selon les analystes, cette intervention souligne la capacit\u00e9 de Paris \u00e0 r\u00e9agir rapidement en Afrique de l\u2019Ouest, tout en restant dans le cadre du respect de la souverainet\u00e9 nationale, et refl\u00e8te l\u2019importance strat\u00e9gique de la coop\u00e9ration s\u00e9curitaire franco-b\u00e9ninoise.<\/span><\/p>\n<p>Gildas Kinda<\/p>\n<p>www.burkinaonline.net<\/p>\n","protected":false},"excerpt":{"rendered":"<p>Paris \u2013 Cotonou \u2013 La France a reconnu avoir apport\u00e9 un soutien aux autorit\u00e9s b\u00e9ninoises&#8230;<\/p>\n","protected":false},"author":1,"featured_media":9022,"comment_status":"open","ping_status":"open","sticky":false,"template":"","format":"standard","meta":{"footnotes":""},"categories":[8,11],"tags":[],"class_list":["post-9021","post","type-post","status-publish","format-standard","has-post-thumbnail","hentry","category-post","category-politique"],"_links":{"self":[{"href":"https:\/\/burkinaonline.net\/index.php?rest_route=\/wp\/v2\/posts\/9021","targetHints":{"allow":["GET"]}}],"collection":[{"href":"https:\/\/burkinaonline.net\/index.php?rest_route=\/wp\/v2\/posts"}],"about":[{"href":"https:\/\/burkinaonline.net\/index.php?rest_route=\/wp\/v2\/types\/post"}],"author":[{"embeddable":true,"href":"https:\/\/burkinaonline.net\/index.php?rest_route=\/wp\/v2\/users\/1"}],"replies":[{"embeddable":true,"href":"https:\/\/burkinaonline.net\/index.php?rest_route=%2Fwp%2Fv2%2Fcomments&post=9021"}],"version-history":[{"count":1,"href":"https:\/\/burkinaonline.net\/index.php?rest_route=\/wp\/v2\/posts\/9021\/revisions"}],"predecessor-version":[{"id":9023,"href":"https:\/\/burkinaonline.net\/index.php?rest_route=\/wp\/v2\/posts\/9021\/revisions\/9023"}],"wp:featuredmedia":[{"embeddable":true,"href":"https:\/\/burkinaonline.net\/index.php?rest_route=\/wp\/v2\/media\/9022"}],"wp:attachment":[{"href":"https:\/\/burkinaonline.net\/index.php?rest_route=%2Fwp%2Fv2%2Fmedia&parent=9021"}],"wp:term":[{"taxonomy":"category","embeddable":true,"href":"https:\/\/burkinaonline.net\/index.php?rest_route=%2Fwp%2Fv2%2Fcategories&post=9021"},{"taxonomy":"post_tag","embeddable":true,"href":"https:\/\/burkinaonline.net\/index.php?rest_route=%2Fwp%2Fv2%2Ftags&post=9021"}],"curies":[{"name":"wp","href":"https:\/\/api.w.org\/{rel}","templated":true}]}}