{"id":9024,"date":"2025-12-09T15:49:40","date_gmt":"2025-12-09T15:49:40","guid":{"rendered":"https:\/\/burkinaonline.net\/?p=9024"},"modified":"2025-12-09T16:10:19","modified_gmt":"2025-12-09T16:10:19","slug":"inauguration-de-la-mediatheque-de-lenam","status":"publish","type":"post","link":"https:\/\/burkinaonline.net\/?p=9024","title":{"rendered":"Inauguration de la m\u00e9diath\u00e8que de l\u2019ENAM : Un joyau de 750 millions de F CFA offert par El hadj Inoussa Kanazo\u00e9"},"content":{"rendered":"<p class=\"s4\"><span class=\"s3\">Le mardi 9 d\u00e9cembre 2025 a eu lieu la c\u00e9r\u00e9monie officielle de sortie de<\/span><span class=\"s3\">s<\/span><span class=\"s3\"> stagiaires de la promotion 2023-2025 et l\u2019inauguration des infrastructures modernes de l\u2019Ecole nationale d\u2019administration et de magistrature <\/span><span class=\"s3\">(ENAM<\/span><span class=\"s3\">). Le Premier ministre, Rimtalba Emmanuel Ou\u00e9draogo, patron de la c\u00e9r\u00e9monie a visit\u00e9 la nouvelle m\u00e9diath\u00e8que de l\u2019<\/span><span class=\"s3\">\u00e9cole<\/span><span class=\"s3\">offerte par le PDG de Cimmetal group , El hadj Inoussa Kanazo\u00e9<\/span><span class=\"s3\">. D\u2019une valeur de 750 millions de francs CFA, l\u2019infrastructure moderne est le fruit d\u2019une promesse faite en avril 2019 par Inoussa Kanazo\u00e9, <\/span><span class=\"s3\">alors <\/span><span class=\"s3\">fait professeur associ\u00e9 de la prestigieuse \u00e9cole.<\/span><\/p>\n<figure id=\"attachment_9027\" aria-describedby=\"caption-attachment-9027\" style=\"width: 300px\" class=\"wp-caption aligncenter\"><a href=\"http:\/\/burkinaonline.net\/wp-content\/uploads\/2025\/12\/7bde9afb-55e7-4cb6-b665-fb7cd4b2bb48.jpeg\"><img fetchpriority=\"high\" decoding=\"async\" class=\"wp-image-9027 size-medium\" src=\"http:\/\/burkinaonline.net\/wp-content\/uploads\/2025\/12\/7bde9afb-55e7-4cb6-b665-fb7cd4b2bb48-300x200.jpeg\" alt=\"\" width=\"300\" height=\"200\" srcset=\"https:\/\/burkinaonline.net\/wp-content\/uploads\/2025\/12\/7bde9afb-55e7-4cb6-b665-fb7cd4b2bb48-300x200.jpeg 300w, https:\/\/burkinaonline.net\/wp-content\/uploads\/2025\/12\/7bde9afb-55e7-4cb6-b665-fb7cd4b2bb48-1024x683.jpeg 1024w, https:\/\/burkinaonline.net\/wp-content\/uploads\/2025\/12\/7bde9afb-55e7-4cb6-b665-fb7cd4b2bb48-768x512.jpeg 768w, https:\/\/burkinaonline.net\/wp-content\/uploads\/2025\/12\/7bde9afb-55e7-4cb6-b665-fb7cd4b2bb48-1536x1024.jpeg 1536w, https:\/\/burkinaonline.net\/wp-content\/uploads\/2025\/12\/7bde9afb-55e7-4cb6-b665-fb7cd4b2bb48-2048x1365.jpeg 2048w\" sizes=\"(max-width: 300px) 100vw, 300px\" \/><\/a><figcaption id=\"caption-attachment-9027\" class=\"wp-caption-text\">Le Premier ministre, Rimtalba Emmanuel Ou\u00e9draogo, visitant l\u2019int\u00e9rieur de la m\u00e9diath\u00e8que<\/figcaption><\/figure>\n<p class=\"s2\">La sortie des stagiaires de la promotion 2023-2025 de l\u2019ENAM, dont le nom de bapt\u00eame est Souverainet\u00e9, \u00a0a \u00e9t\u00e9 marqu\u00e9e par l\u2019inauguration d\u2019une nouvelle route bitum\u00e9e, d\u2019un amphith\u00e9\u00e2tre, d\u2019un terrain omnisport et d\u2019une m\u00e9diath\u00e8que. En pr\u00e9sence du Premier ministre, Rimtalba Emmanuel Ou\u00e9draogo, du ministre de la Fonction publique, du Travail et de la Protection sociale, Mathias Traor\u00e9 et des membres du gouvernement, les Enarques avec \u00e0 leur t\u00eate le DG , Dr Jacob Yarabatioula, ont accueilli avec joie la nouvelle m\u00e9diath\u00e8que d\u2019une valeur de 750 millions de francs CFA offerte par le PDG de Cimmetal group, Inoussa Kanazo\u00e9. Ce don est le fruit d\u2019une promesse faite par l\u2019industriel burkinab\u00e8, le 15 avril 2019, alors qu\u2019il avait \u00e9t\u00e9 fait professeur associ\u00e9 de la prestigieuse \u00e9cole charg\u00e9e de la formation des fonctionnaires burkinab\u00e8. En effet, dans sa nouvelle vision, l\u2019ENAM avait entrepris de faire appel \u00e0 des Burkinab\u00e8 qui, par leur g\u00e9nie, leur talent et leur travail, sont devenus des \u00a0champions dans le monde des affaires. Le recours \u00e0 ces champions nationaux, appel\u00e9s professeurs associ\u00e9s, visait \u00e0 les impliquer dans la formation initiale \u00e0 l\u2019ENAM, afin de leur permettre de partager leurs connaissances pratiques et leurs exp\u00e9riences avec les \u00e9l\u00e8ves. Les 7 professeurs associ\u00e9s retenus dont le PDG de CIMMETAL group, Inoussa Kanazo\u00e9, avaient promis de construire des infrastructures modernes au profit de l\u2019\u00e9cole. 6 ans apr\u00e8s, la promesse de Inoussa Kanazo\u00e9 est devenue une r\u00e9alit\u00e9. Le Premier ministre, Rimtalba Emmanuel Ou\u00e9draogo, \u00a0a visit\u00e9 le joyau architectural R+1 extensible b\u00e2ti sur une superficie de plus de 300m2 int\u00e9grant modernit\u00e9 et protection de l\u2019environnement.<\/p>\n<figure id=\"attachment_9033\" aria-describedby=\"caption-attachment-9033\" style=\"width: 300px\" class=\"wp-caption aligncenter\"><a href=\"http:\/\/burkinaonline.net\/wp-content\/uploads\/2025\/12\/4497c2fb-2350-4cce-946a-a387d1175f3a.jpeg\"><img decoding=\"async\" class=\"wp-image-9033 size-medium\" src=\"http:\/\/burkinaonline.net\/wp-content\/uploads\/2025\/12\/4497c2fb-2350-4cce-946a-a387d1175f3a-300x200.jpeg\" alt=\"\" width=\"300\" height=\"200\" srcset=\"https:\/\/burkinaonline.net\/wp-content\/uploads\/2025\/12\/4497c2fb-2350-4cce-946a-a387d1175f3a-300x200.jpeg 300w, https:\/\/burkinaonline.net\/wp-content\/uploads\/2025\/12\/4497c2fb-2350-4cce-946a-a387d1175f3a-1024x683.jpeg 1024w, https:\/\/burkinaonline.net\/wp-content\/uploads\/2025\/12\/4497c2fb-2350-4cce-946a-a387d1175f3a-768x512.jpeg 768w, https:\/\/burkinaonline.net\/wp-content\/uploads\/2025\/12\/4497c2fb-2350-4cce-946a-a387d1175f3a-1536x1024.jpeg 1536w, https:\/\/burkinaonline.net\/wp-content\/uploads\/2025\/12\/4497c2fb-2350-4cce-946a-a387d1175f3a-2048x1365.jpeg 2048w\" sizes=\"(max-width: 300px) 100vw, 300px\" \/><\/a><figcaption id=\"caption-attachment-9033\" class=\"wp-caption-text\">La m\u00e9diath\u00e8que comprend des salles de lecture, de rayonnage et des bureaux<\/figcaption><\/figure>\n<p class=\"s4\"><span class=\"s3\">Un b\u00e2timent moderne alliant modernit\u00e9 et protection de l\u2019environnement<\/span><\/p>\n<p class=\"s2\">En effet, le b\u00e2timent R+1 extensible, comprend au rez-de-chauss\u00e9e un espace de rayonnage, un bureau pour le biblioth\u00e9caire, deux salles de lecture, un local technique et des toilettes. Deux escaliers m\u00e8nent \u00e0 l\u2019\u00e9tage \u00a0qui comprend une salle de lecture, une salle de projection, \u00a0des bureaux et \u00e9galement des toilettes. L\u2019infrastructure est inspir\u00e9e d\u2019un tr\u00e9pied avec 3 poteaux. Le premier poteau rappelle les anc\u00eatres. Le deuxi\u00e8me poteau symbolise la g\u00e9n\u00e9ration actuelle constitu\u00e9e des agents de la fonction publique et le troisi\u00e8me piller constitue la g\u00e9n\u00e9ration future. Les trois piliers sont pos\u00e9s sur un livre ouvert. Il y a aussi une casquette qui symbolise le couronnement du parcours acad\u00e9mique des \u00e9l\u00e8ves de l\u2019ENAM. Et ce n\u2019est pas tout. L\u2019infrastructure tient compte de la protection de l\u2019environnement. M\u00eame sans les lampes dans la journ\u00e9e, l\u2019infrastructure est constamment \u00e9clair\u00e9e gr\u00e2ce aux rayons du soleil. Elle comprend aussi un espace de lecture \u00e0 l\u2019ext\u00e9rieur. Il a \u00e9t\u00e9 pris en compte l\u2019accessibilit\u00e9 des personnes \u00e0 mobilit\u00e9 r\u00e9duite \u00e0 travers des rampes d\u2019acc\u00e8s. La m\u00e9diath\u00e8que peut accueillir une centaine de personnes.<\/p>\n<figure id=\"attachment_9028\" aria-describedby=\"caption-attachment-9028\" style=\"width: 300px\" class=\"wp-caption aligncenter\"><a href=\"http:\/\/burkinaonline.net\/wp-content\/uploads\/2025\/12\/f1e660be-b6f7-44c9-b1eb-8733a1e843ce.jpeg\"><img decoding=\"async\" class=\"wp-image-9028 size-medium\" src=\"http:\/\/burkinaonline.net\/wp-content\/uploads\/2025\/12\/f1e660be-b6f7-44c9-b1eb-8733a1e843ce-300x200.jpeg\" alt=\"\" width=\"300\" height=\"200\" srcset=\"https:\/\/burkinaonline.net\/wp-content\/uploads\/2025\/12\/f1e660be-b6f7-44c9-b1eb-8733a1e843ce-300x200.jpeg 300w, https:\/\/burkinaonline.net\/wp-content\/uploads\/2025\/12\/f1e660be-b6f7-44c9-b1eb-8733a1e843ce-1024x683.jpeg 1024w, https:\/\/burkinaonline.net\/wp-content\/uploads\/2025\/12\/f1e660be-b6f7-44c9-b1eb-8733a1e843ce-768x512.jpeg 768w, https:\/\/burkinaonline.net\/wp-content\/uploads\/2025\/12\/f1e660be-b6f7-44c9-b1eb-8733a1e843ce-1536x1024.jpeg 1536w, https:\/\/burkinaonline.net\/wp-content\/uploads\/2025\/12\/f1e660be-b6f7-44c9-b1eb-8733a1e843ce-2048x1365.jpeg 2048w\" sizes=\"(max-width: 300px) 100vw, 300px\" \/><\/a><figcaption id=\"caption-attachment-9028\" class=\"wp-caption-text\">Une vue externe du joyau architectural offert par le PDG de Cimmetal group Inoussa Kanazo\u00e9<\/figcaption><\/figure>\n<p class=\"s4\"><span class=\"s3\">Cimmetal group s\u2019engage <\/span><span class=\"s3\">pour<\/span><span class=\"s3\"> le d\u00e9veloppement du Burkina<\/span><\/p>\n<p class=\"s2\">Pour le repr\u00e9sentant du PDG \u00e0 la c\u00e9r\u00e9monie de r\u00e9ception, Inoussa Kabor\u00e9, le don de cette infrastructure perp\u00e9tue une tradition au sein du groupe, celle de contribuer au d\u00e9veloppement socio-\u00e9conomique du Burkina. \u00ab\u00a0<span class=\"s5\">Nous sommes un groupe burkinab\u00e8. Et tout ce qui touche au d\u00e9veloppement du Burkina Faso, nous sommes toujours pr\u00e9sents. Qui parle<\/span><span class=\"s5\">du d\u00e9veloppement d\u2019un pays, parle de l\u2019avenir d<\/span><span class=\"s5\">e ce pays<\/span><span class=\"s5\">. L\u2019avenir se trouve dans le savoir<\/span>\u00a0\u00bb, est-il convaincu. C\u2019est pourquoi, le groupe n\u2019a pas h\u00e9sit\u00e9 un seul instant quand il a \u00e9t\u00e9 sollicit\u00e9 \u00a0 par l\u2019ENAM pour la construction de la m\u00e9diath\u00e8que. \u00ab C\u2019est <span class=\"s5\">avec plaisir que nous avons r\u00e9pondu pr\u00e9sent. C\u2019est une infrastructure qui rentre dans le cadre de la responsabilit\u00e9 sociale de nos activit\u00e9s et qui apporte un plus \u00e0 l\u2019\u00e9ducation du Burkina Faso. C\u2019est un honneur et un plaisir pour nous<\/span><span class=\"s5\"> d\u2019avoir participer \u00e0 l\u2019\u00e9ducation d<\/span><span class=\"s5\">es <\/span><span class=\"s5\">fonctionnaire<\/span><span class=\"s5\">s<\/span><span class=\"s5\">burkinab\u00e8<\/span>\u00a0\u00bb, s\u2019est-il r\u00e9joui tout en renouvelant l\u2019engagement d\u2019accompagner constamment de telles initiatives. \u00ab\u00a0<span class=\"s5\">C\u2019est une soci\u00e9t\u00e9 burkinab\u00e8 pour les Burkinab\u00e8. C\u2019est un devoir pour nous d\u2019\u00eatre <\/span><span class=\"s5\">toujours l\u00e0\u00a0<\/span>\u00bb, foi du repr\u00e9sentant du PDG.<\/p>\n<figure id=\"attachment_9029\" aria-describedby=\"caption-attachment-9029\" style=\"width: 300px\" class=\"wp-caption aligncenter\"><a href=\"http:\/\/burkinaonline.net\/wp-content\/uploads\/2025\/12\/a776764f-03c9-4149-9543-486712413340.jpeg\"><img loading=\"lazy\" decoding=\"async\" class=\"wp-image-9029 size-medium\" src=\"http:\/\/burkinaonline.net\/wp-content\/uploads\/2025\/12\/a776764f-03c9-4149-9543-486712413340-300x200.jpeg\" alt=\"\" width=\"300\" height=\"200\" srcset=\"https:\/\/burkinaonline.net\/wp-content\/uploads\/2025\/12\/a776764f-03c9-4149-9543-486712413340-300x200.jpeg 300w, https:\/\/burkinaonline.net\/wp-content\/uploads\/2025\/12\/a776764f-03c9-4149-9543-486712413340-1024x683.jpeg 1024w, https:\/\/burkinaonline.net\/wp-content\/uploads\/2025\/12\/a776764f-03c9-4149-9543-486712413340-768x512.jpeg 768w, https:\/\/burkinaonline.net\/wp-content\/uploads\/2025\/12\/a776764f-03c9-4149-9543-486712413340-1536x1024.jpeg 1536w, https:\/\/burkinaonline.net\/wp-content\/uploads\/2025\/12\/a776764f-03c9-4149-9543-486712413340-2048x1365.jpeg 2048w\" sizes=\"(max-width: 300px) 100vw, 300px\" \/><\/a><figcaption id=\"caption-attachment-9029\" class=\"wp-caption-text\">Photo de famille sur le perron de la m\u00e9diath\u00e8que \u00e0 l\u2019issue de la c\u00e9r\u00e9monie de r\u00e9ception<\/figcaption><\/figure>\n<p class=\"s2\">Inoussa Kanazo\u00e9 n\u2019est plus \u00e0 pr\u00e9senter \u00e0 l\u2019ENAM. Parrain en mai 2025 des promotions 2021-2023 et 2022-2024, il avait d\u00e9j\u00e0 contribu\u00e9 \u00e0 plus de 17 millions de F CFA au profit de l\u2019ENAM. Il est pour cette \u00e9cole, un citoyen engag\u00e9 et un mod\u00e8le pour les cadres de l\u2019administration burkinab\u00e8.<\/p>\n<p class=\"s4\"><span class=\"s3\">Par N<\/span><span class=\"s3\">.O<\/span><\/p>\n<p>www.burkinaonline.net<\/p>\n<p class=\"s2\">\n","protected":false},"excerpt":{"rendered":"<p>Le mardi 9 d\u00e9cembre 2025 a eu lieu la c\u00e9r\u00e9monie officielle de sortie des stagiaires&#8230;<\/p>\n","protected":false},"author":1,"featured_media":9026,"comment_status":"open","ping_status":"open","sticky":false,"template":"","format":"standard","meta":{"footnotes":""},"categories":[8,10,1,13],"tags":[],"class_list":["post-9024","post","type-post","status-publish","format-standard","has-post-thumbnail","hentry","category-post","category-burkina-faso","category-non-classe","category-societe"],"_links":{"self":[{"href":"https:\/\/burkinaonline.net\/index.php?rest_route=\/wp\/v2\/posts\/9024","targetHints":{"allow":["GET"]}}],"collection":[{"href":"https:\/\/burkinaonline.net\/index.php?rest_route=\/wp\/v2\/posts"}],"about":[{"href":"https:\/\/burkinaonline.net\/index.php?rest_route=\/wp\/v2\/types\/post"}],"author":[{"embeddable":true,"href":"https:\/\/burkinaonline.net\/index.php?rest_route=\/wp\/v2\/users\/1"}],"replies":[{"embeddable":true,"href":"https:\/\/burkinaonline.net\/index.php?rest_route=%2Fwp%2Fv2%2Fcomments&post=9024"}],"version-history":[{"count":11,"href":"https:\/\/burkinaonline.net\/index.php?rest_route=\/wp\/v2\/posts\/9024\/revisions"}],"predecessor-version":[{"id":9042,"href":"https:\/\/burkinaonline.net\/index.php?rest_route=\/wp\/v2\/posts\/9024\/revisions\/9042"}],"wp:featuredmedia":[{"embeddable":true,"href":"https:\/\/burkinaonline.net\/index.php?rest_route=\/wp\/v2\/media\/9026"}],"wp:attachment":[{"href":"https:\/\/burkinaonline.net\/index.php?rest_route=%2Fwp%2Fv2%2Fmedia&parent=9024"}],"wp:term":[{"taxonomy":"category","embeddable":true,"href":"https:\/\/burkinaonline.net\/index.php?rest_route=%2Fwp%2Fv2%2Fcategories&post=9024"},{"taxonomy":"post_tag","embeddable":true,"href":"https:\/\/burkinaonline.net\/index.php?rest_route=%2Fwp%2Fv2%2Ftags&post=9024"}],"curies":[{"name":"wp","href":"https:\/\/api.w.org\/{rel}","templated":true}]}}