{"id":9047,"date":"2025-12-13T10:57:43","date_gmt":"2025-12-13T10:57:43","guid":{"rendered":"https:\/\/burkinaonline.net\/?p=9047"},"modified":"2025-12-13T10:57:43","modified_gmt":"2025-12-13T10:57:43","slug":"tensions-diplomatiques-le-senegal-gele-la-cooperation-judiciaire-avec-la-france","status":"publish","type":"post","link":"https:\/\/burkinaonline.net\/?p=9047","title":{"rendered":"Tensions diplomatiques : le S\u00e9n\u00e9gal g\u00e8le la coop\u00e9ration judiciaire avec la France"},"content":{"rendered":"<p>Par la R\u00e9daction \u2013 Samedi 13 d\u00e9cembre 2025<\/p>\n<p>La coop\u00e9ration judiciaire entre la France et le S\u00e9n\u00e9gal est d\u00e9sormais \u00e0 l\u2019arr\u00eat. Dans une annonce \u00e0 forte port\u00e9e diplomatique, la ministre s\u00e9n\u00e9galaise de la Justice, Mme Yassine Fall, a officialis\u00e9 jeudi la suspension imm\u00e9diate des proc\u00e9dures d\u2019extradition vers l\u2019Hexagone. Cette d\u00e9cision est motiv\u00e9e par l\u2019absence de r\u00e9ciprocit\u00e9 de la part des autorit\u00e9s fran\u00e7aises et fragilise l\u2019accord-cadre sign\u00e9 entre les deux pays en 2021.<\/p>\n<p>La r\u00e9ciprocit\u00e9 comme ligne rouge<\/p>\n<p>Au c\u0153ur de ce diff\u00e9rend figure le refus de Paris d\u2019ex\u00e9cuter des demandes d\u2019extradition formul\u00e9es par Dakar concernant deux ressortissants s\u00e9n\u00e9galais : le journaliste et patron de presse Madiambal Diagne et l\u2019homme d\u2019affaires Doro Gaye.<\/p>\n<p>Estimant que la France a rompu l\u2019\u00e9quilibre indispensable \u00e0 toute entraide p\u00e9nale internationale, Mme Yassine Fall s\u2019est montr\u00e9e ferme devant la repr\u00e9sentation nationale : \u00ab Nous avons fourni toutes les justifications n\u00e9cessaires, mais la France n\u2019a pas renvoy\u00e9 ces deux individus \u00bb, a-t-elle d\u00e9clar\u00e9.<\/p>\n<p>En r\u00e9action, Dakar adopte une posture de fermet\u00e9. Si les autorit\u00e9s s\u00e9n\u00e9galaises continueront d\u2019interpeller sur leur territoire les personnes recherch\u00e9es par la justice fran\u00e7aise, aucun transfert ne sera effectu\u00e9 tant que la situation n\u2019\u00e9voluera pas. \u00ab Nous ne les laissons pas en libert\u00e9 s\u2019ils sont coupables de crimes, mais nous ne les extraderons pas tant que la r\u00e9ciprocit\u00e9 ne sera pas respect\u00e9e \u00bb, a pr\u00e9cis\u00e9 la Garde des Sceaux.<\/p>\n<p>Douze dossiers fran\u00e7ais en suspens<\/p>\n<p>Cette mesure a des effets imm\u00e9diats. Selon le minist\u00e8re s\u00e9n\u00e9galais de la Justice, douze personnes vis\u00e9es par des demandes d\u2019extradition fran\u00e7aises voient d\u00e9sormais leurs dossiers gel\u00e9s.<\/p>\n<p>Cette situation place Paris dans une position d\u00e9licate. Pour esp\u00e9rer la reprise des transferts, la France devra clarifier sa position sur les dossiers Diagne et Gaye, sous peine d\u2019une paralysie durable de la coop\u00e9ration judiciaire avec un partenaire cl\u00e9 en Afrique de l\u2019Ouest.<\/p>\n<p>L\u2019accord de 2021 \u00e0 l\u2019\u00e9preuve<\/p>\n<p>La crise intervient alors que la Convention d\u2019extradition du 7 septembre 2021 devait renforcer la lutte contre la criminalit\u00e9 transfrontali\u00e8re. Elle se trouve aujourd\u2019hui mise en \u00e9chec.<\/p>\n<p>Au-del\u00e0 de l\u2019aspect juridique, cet \u00e9pisode traduit la volont\u00e9 du S\u00e9n\u00e9gal de red\u00e9finir ses relations avec la France sur la base d\u2019une stricte \u00e9galit\u00e9 souveraine. Le message est clair : la coop\u00e9ration ne saurait \u00eatre \u00e0 sens unique. Reste \u00e0 savoir si la voie diplomatique permettra de d\u00e9samorcer la crise avant qu\u2019elle ne s\u2019\u00e9tende \u00e0 d\u2019autres domaines des relations bilat\u00e9rales.<\/p>\n<p>Gildas Kinda<\/p>\n<p>www.burkinaonline.net<\/p>\n","protected":false},"excerpt":{"rendered":"<p>Par la R\u00e9daction \u2013 Samedi 13 d\u00e9cembre 2025 La coop\u00e9ration judiciaire entre la France et&#8230;<\/p>\n","protected":false},"author":1,"featured_media":9048,"comment_status":"open","ping_status":"open","sticky":false,"template":"","format":"standard","meta":{"footnotes":""},"categories":[8,18],"tags":[],"class_list":["post-9047","post","type-post","status-publish","format-standard","has-post-thumbnail","hentry","category-post","category-international"],"_links":{"self":[{"href":"https:\/\/burkinaonline.net\/index.php?rest_route=\/wp\/v2\/posts\/9047","targetHints":{"allow":["GET"]}}],"collection":[{"href":"https:\/\/burkinaonline.net\/index.php?rest_route=\/wp\/v2\/posts"}],"about":[{"href":"https:\/\/burkinaonline.net\/index.php?rest_route=\/wp\/v2\/types\/post"}],"author":[{"embeddable":true,"href":"https:\/\/burkinaonline.net\/index.php?rest_route=\/wp\/v2\/users\/1"}],"replies":[{"embeddable":true,"href":"https:\/\/burkinaonline.net\/index.php?rest_route=%2Fwp%2Fv2%2Fcomments&post=9047"}],"version-history":[{"count":1,"href":"https:\/\/burkinaonline.net\/index.php?rest_route=\/wp\/v2\/posts\/9047\/revisions"}],"predecessor-version":[{"id":9049,"href":"https:\/\/burkinaonline.net\/index.php?rest_route=\/wp\/v2\/posts\/9047\/revisions\/9049"}],"wp:featuredmedia":[{"embeddable":true,"href":"https:\/\/burkinaonline.net\/index.php?rest_route=\/wp\/v2\/media\/9048"}],"wp:attachment":[{"href":"https:\/\/burkinaonline.net\/index.php?rest_route=%2Fwp%2Fv2%2Fmedia&parent=9047"}],"wp:term":[{"taxonomy":"category","embeddable":true,"href":"https:\/\/burkinaonline.net\/index.php?rest_route=%2Fwp%2Fv2%2Fcategories&post=9047"},{"taxonomy":"post_tag","embeddable":true,"href":"https:\/\/burkinaonline.net\/index.php?rest_route=%2Fwp%2Fv2%2Ftags&post=9047"}],"curies":[{"name":"wp","href":"https:\/\/api.w.org\/{rel}","templated":true}]}}