{"id":9050,"date":"2025-12-17T06:53:30","date_gmt":"2025-12-17T06:53:30","guid":{"rendered":"https:\/\/burkinaonline.net\/?p=9050"},"modified":"2025-12-17T06:53:30","modified_gmt":"2025-12-17T06:53:30","slug":"coup-detat-en-france-quand-un-fake-seme-le-trouble","status":"publish","type":"post","link":"https:\/\/burkinaonline.net\/?p=9050","title":{"rendered":"Coup d\u2019\u00c9tat en France ?  quand un fake s\u00e8me le trouble"},"content":{"rendered":"<p class=\"p1\">Ces derniers jours, une information virale annon\u00e7ant un suppos\u00e9 coup d\u2019\u00c9tat en France a largement circul\u00e9 sur les r\u00e9seaux sociaux, \u00e0 travers des vid\u00e9os trompeuses, sorties de leur contexte ou manipul\u00e9es. Dans ces contenus, il \u00e9tait faussement affirm\u00e9 qu\u2019un colonel de l\u2019arm\u00e9e fran\u00e7aise aurait pris le pouvoir, reprenant un sch\u00e9ma bien connu dans certaines narrations de coups d\u2019\u00c9tat r\u00e9cents, ce qui a renforc\u00e9 la cr\u00e9dibilit\u00e9 apparente d\u2019une rumeur pourtant totalement infond\u00e9e.<\/p>\n<p class=\"p1\"><span class=\"s1\">Face \u00e0 l\u2019ampleur de cette d\u00e9sinformation, le pr\u00e9sident fran\u00e7ais Emmanuel Macron a r\u00e9v\u00e9l\u00e9 qu\u2019un chef d\u2019\u00c9tat africain l\u2019avait personnellement contact\u00e9, inquiet apr\u00e8s avoir vu ces images et messages circuler en ligne, afin de v\u00e9rifier si la France traversait r\u00e9ellement une crise institutionnelle.<\/span><\/p>\n<p class=\"p1\"><span class=\"s1\">Il est important de pr\u00e9ciser que Facebook a refus\u00e9 de supprimer la vid\u00e9o \u00e0 l\u2019origine de cette rumeur, estimant qu\u2019elle ne violait pas ses r\u00e8gles internes. Cette d\u00e9cision a suscit\u00e9 de vives critiques, Emmanuel Macron d\u00e9non\u00e7ant le manque de responsabilit\u00e9 des grandes plateformes face \u00e0 la diffusion de fausses informations.<\/span><\/p>\n<p class=\"p1\"><span class=\"s1\">Cet \u00e9pisode montre \u00e0 quel point la d\u00e9sinformation peut d\u00e9passer les r\u00e9seaux sociaux pour affecter les relations diplomatiques. Il rappelle l\u2019urgence d\u2019un meilleur encadrement des plateformes num\u00e9riques et la n\u00e9cessit\u00e9, pour les citoyens comme pour les dirigeants, de v\u00e9rifier syst\u00e9matiquement les sources officielles avant de croire ou relayer une information.<\/span><\/p>\n<p>Gildas Kinda<\/p>\n<p>www.burkinaonline.net<\/p>\n","protected":false},"excerpt":{"rendered":"<p>Ces derniers jours, une information virale annon\u00e7ant un suppos\u00e9 coup d\u2019\u00c9tat en France a largement&#8230;<\/p>\n","protected":false},"author":1,"featured_media":9051,"comment_status":"open","ping_status":"open","sticky":false,"template":"","format":"standard","meta":{"footnotes":""},"categories":[8,18],"tags":[],"class_list":["post-9050","post","type-post","status-publish","format-standard","has-post-thumbnail","hentry","category-post","category-international"],"_links":{"self":[{"href":"https:\/\/burkinaonline.net\/index.php?rest_route=\/wp\/v2\/posts\/9050","targetHints":{"allow":["GET"]}}],"collection":[{"href":"https:\/\/burkinaonline.net\/index.php?rest_route=\/wp\/v2\/posts"}],"about":[{"href":"https:\/\/burkinaonline.net\/index.php?rest_route=\/wp\/v2\/types\/post"}],"author":[{"embeddable":true,"href":"https:\/\/burkinaonline.net\/index.php?rest_route=\/wp\/v2\/users\/1"}],"replies":[{"embeddable":true,"href":"https:\/\/burkinaonline.net\/index.php?rest_route=%2Fwp%2Fv2%2Fcomments&post=9050"}],"version-history":[{"count":1,"href":"https:\/\/burkinaonline.net\/index.php?rest_route=\/wp\/v2\/posts\/9050\/revisions"}],"predecessor-version":[{"id":9052,"href":"https:\/\/burkinaonline.net\/index.php?rest_route=\/wp\/v2\/posts\/9050\/revisions\/9052"}],"wp:featuredmedia":[{"embeddable":true,"href":"https:\/\/burkinaonline.net\/index.php?rest_route=\/wp\/v2\/media\/9051"}],"wp:attachment":[{"href":"https:\/\/burkinaonline.net\/index.php?rest_route=%2Fwp%2Fv2%2Fmedia&parent=9050"}],"wp:term":[{"taxonomy":"category","embeddable":true,"href":"https:\/\/burkinaonline.net\/index.php?rest_route=%2Fwp%2Fv2%2Fcategories&post=9050"},{"taxonomy":"post_tag","embeddable":true,"href":"https:\/\/burkinaonline.net\/index.php?rest_route=%2Fwp%2Fv2%2Ftags&post=9050"}],"curies":[{"name":"wp","href":"https:\/\/api.w.org\/{rel}","templated":true}]}}