{"id":9053,"date":"2025-12-17T07:41:56","date_gmt":"2025-12-17T07:41:56","guid":{"rendered":"https:\/\/burkinaonline.net\/?p=9053"},"modified":"2025-12-17T08:11:21","modified_gmt":"2025-12-17T08:11:21","slug":"etats-unis-le-burkina-faso-sur-la-liste-noire-des-pays-interdits-dentree","status":"publish","type":"post","link":"https:\/\/burkinaonline.net\/?p=9053","title":{"rendered":"\u00c9tats-Unis : le Burkina Faso d\u00e9sormais sur la liste noire des pays interdits d\u2019entr\u00e9e"},"content":{"rendered":"<p class=\"p1\"><span class=\"s1\">Depuis ce mardi 16 d\u00e9cembre, le Burkina Faso figure d\u00e9sormais parmi les pays dont les ressortissants sont interdits d\u2019entr\u00e9e sur le territoire am\u00e9ricain (<\/span><span class=\"s2\">full travel ban<\/span><span class=\"s1\">). Cette d\u00e9cision, qui entre en vigueur le 1er janvier 2026, r\u00e9sulte d\u2019un r\u00e9cent durcissement de la politique migratoire et s\u00e9curitaire des \u00c9tats-Unis.<\/span><\/p>\n<p class=\"p2\"><span class=\"s1\">Le Burkina n\u2019est pas seul<\/span><\/p>\n<p class=\"p2\"><span class=\"s1\">D\u2019autres pays ont \u00e9galement \u00e9t\u00e9 ajout\u00e9s \u00e0 cette liste d\u2019interdiction totale d\u2019entr\u00e9e, notamment :<\/span><\/p>\n<p class=\"p2\"><span class=\"s1\">Afghanistan, Mali, Niger, Syrie, Sud-Soudan, Iran, Libye, Somalie, Soudan, Y\u00e9men, Ha\u00efti, Tchad, \u00c9rythr\u00e9e et Myanmar.<\/span><\/p>\n<p class=\"p2\"><span class=\"s1\">Des pays africains sous restrictions partielles<\/span><\/p>\n<p class=\"p2\"><span class=\"s1\">Plusieurs pays africains sont soumis \u00e0 des restrictions de visas, sans interdiction totale. Il s\u2019agit entre autres du B\u00e9nin, de la C\u00f4te d\u2019Ivoire, du S\u00e9n\u00e9gal, du Nigeria, du Gabon, de la Gambie, de la Mauritanie, du Malawi, de la Tanzanie, de la Zambie et du Zimbabwe.<\/span><\/p>\n<p class=\"p2\"><span class=\"s1\">Ce que cela change concr\u00e8tement pour les Burkinab\u00e8<\/span><\/p>\n<p class=\"p2\"><span class=\"s1\">Pour les citoyens burkinab\u00e8, l\u2019acc\u00e8s aux \u00c9tats-Unis devient quasi impossible dans le cadre normal, m\u00eame avec une proc\u00e9dure de visa classique. Les impacts sont directs sur les \u00e9tudes, les affaires, les regroupements familiaux et les \u00e9changes internationaux.<\/span><\/p>\n<p class=\"p2\"><span class=\"s2\">Alex Nak\u00e9<\/span><\/p>\n<p class=\"p2\"><span class=\"s2\">www.burkinaonline.net<\/span><\/p>\n","protected":false},"excerpt":{"rendered":"<p>Depuis ce mardi 16 d\u00e9cembre, le Burkina Faso figure d\u00e9sormais parmi les pays dont les&#8230;<\/p>\n","protected":false},"author":1,"featured_media":9054,"comment_status":"open","ping_status":"open","sticky":false,"template":"","format":"standard","meta":{"footnotes":""},"categories":[8,10,18],"tags":[],"class_list":["post-9053","post","type-post","status-publish","format-standard","has-post-thumbnail","hentry","category-post","category-burkina-faso","category-international"],"_links":{"self":[{"href":"https:\/\/burkinaonline.net\/index.php?rest_route=\/wp\/v2\/posts\/9053","targetHints":{"allow":["GET"]}}],"collection":[{"href":"https:\/\/burkinaonline.net\/index.php?rest_route=\/wp\/v2\/posts"}],"about":[{"href":"https:\/\/burkinaonline.net\/index.php?rest_route=\/wp\/v2\/types\/post"}],"author":[{"embeddable":true,"href":"https:\/\/burkinaonline.net\/index.php?rest_route=\/wp\/v2\/users\/1"}],"replies":[{"embeddable":true,"href":"https:\/\/burkinaonline.net\/index.php?rest_route=%2Fwp%2Fv2%2Fcomments&post=9053"}],"version-history":[{"count":4,"href":"https:\/\/burkinaonline.net\/index.php?rest_route=\/wp\/v2\/posts\/9053\/revisions"}],"predecessor-version":[{"id":9058,"href":"https:\/\/burkinaonline.net\/index.php?rest_route=\/wp\/v2\/posts\/9053\/revisions\/9058"}],"wp:featuredmedia":[{"embeddable":true,"href":"https:\/\/burkinaonline.net\/index.php?rest_route=\/wp\/v2\/media\/9054"}],"wp:attachment":[{"href":"https:\/\/burkinaonline.net\/index.php?rest_route=%2Fwp%2Fv2%2Fmedia&parent=9053"}],"wp:term":[{"taxonomy":"category","embeddable":true,"href":"https:\/\/burkinaonline.net\/index.php?rest_route=%2Fwp%2Fv2%2Fcategories&post=9053"},{"taxonomy":"post_tag","embeddable":true,"href":"https:\/\/burkinaonline.net\/index.php?rest_route=%2Fwp%2Fv2%2Ftags&post=9053"}],"curies":[{"name":"wp","href":"https:\/\/api.w.org\/{rel}","templated":true}]}}