{"id":9059,"date":"2025-12-23T16:46:51","date_gmt":"2025-12-23T16:46:51","guid":{"rendered":"https:\/\/burkinaonline.net\/?p=9059"},"modified":"2025-12-23T17:06:07","modified_gmt":"2025-12-23T17:06:07","slug":"scandale-en-cote-divoire-le-daf-du-ministere-de-la-sante-arrete-il-est-soupconne-davoir-detourne-plus-de-3-milliards-de-francs-cfa","status":"publish","type":"post","link":"https:\/\/burkinaonline.net\/?p=9059","title":{"rendered":"Scandale en C\u00f4te d\u2019Ivoire. Le DAF du Minist\u00e8re de la Sant\u00e9 arr\u00eat\u00e9. Il est soup\u00e7onn\u00e9 d\u2019avoir d\u00e9tourn\u00e9 3 milliards de francs CFA"},"content":{"rendered":"<p class=\"p2\" style=\"text-align: left;\"><span class=\"s1\">Abidjan, d\u00e9cembre 2025 \u2013 Doumbia Abraham Abed\u2011Nego, Directeur des Affaires Financi\u00e8res (DAF) du Minist\u00e8re de la Sant\u00e9, de l\u2019Hygi\u00e8ne Publique et de la Couverture Maladie Universelle, est au c\u0153ur d\u2019un scandale financier majeur en C\u00f4te d\u2019Ivoire. Il est soup\u00e7onn\u00e9 d\u2019avoir d\u00e9tourn\u00e9 au moins 3 milliards de francs CFA, somme d\u00e9couverte sur ses comptes personnels lors d\u2019une enqu\u00eate judiciaire. <\/span><\/p>\n<p class=\"p2\"><span class=\"s1\">Il a \u00e9t\u00e9 interpell\u00e9 \u00e0 sa descente d\u2019avion le 16 novembre 2025, puis plac\u00e9 en d\u00e9tention dans le cadre d\u2019une enqu\u00eate confi\u00e9e au P\u00f4le p\u00e9nal \u00e9conomique et financier. <\/span><\/p>\n<p class=\"p2\"><span class=\"s1\">L\u2019affaire a suscit\u00e9 une vive r\u00e9action dans l\u2019opinion publique ivoirienne, en raison du profil de l\u2019accus\u00e9, pr\u00e9sent\u00e9 jusque\u2011l\u00e0 comme un gestionnaire int\u00e8gre. Doumbia Abraham Abed\u2011Nego avait \u00e9t\u00e9 distingu\u00e9 dans le pass\u00e9 pour sa performance, figurant parmi les directeurs financiers les plus performants des minist\u00e8res selon certains classements professionnels.<\/span><\/p>\n<p>Certaines sources \u00a0indiquent \u00e9galement qu\u2019il exercerait une fonction de \u00a0pasteur \u00a0\u00e0 l\u2019\u00c9glise \u00c9vang\u00e9lique de la R\u00e9surrection et de B\u00e9n\u00e9dictions (E.E.RE.B). Cette information n\u2019a pas \u00e9t\u00e9 confirm\u00e9e par des sources officielles, mais elle circule dans l\u2019espace public.<\/p>\n<p class=\"p2\"><span class=\"s1\">Sur les r\u00e9seaux sociaux et certaines publications non officielles, des affirmations font \u00e9tat de montants potentiellement plus \u00e9lev\u00e9s, allant jusqu\u2019\u00e0 pr\u00e8s de 20 milliards de FCFA, mais ces chiffres n\u2019ont pas \u00e9t\u00e9 confirm\u00e9s par des sources judiciaires officielles \u00e0 ce stade.<\/span><\/p>\n<p class=\"p2\"><span class=\"s1\">L\u2019affaire relance le d\u00e9bat sur la transparence de la gestion des fonds publics dans le pays et met en lumi\u00e8re les d\u00e9fis persistants dans la lutte contre la corruption au sein de l\u2019administration publique ivoirienne.<\/span><\/p>\n<p>Gildas Kinda<\/p>\n<p>www.burkinaonline.net<\/p>\n","protected":false},"excerpt":{"rendered":"<p>Abidjan, d\u00e9cembre 2025 \u2013 Doumbia Abraham Abed\u2011Nego, Directeur des Affaires Financi\u00e8res (DAF) du Minist\u00e8re de&#8230;<\/p>\n","protected":false},"author":1,"featured_media":9064,"comment_status":"open","ping_status":"open","sticky":false,"template":"","format":"standard","meta":{"footnotes":""},"categories":[8,13],"tags":[],"class_list":["post-9059","post","type-post","status-publish","format-standard","has-post-thumbnail","hentry","category-post","category-societe"],"_links":{"self":[{"href":"https:\/\/burkinaonline.net\/index.php?rest_route=\/wp\/v2\/posts\/9059","targetHints":{"allow":["GET"]}}],"collection":[{"href":"https:\/\/burkinaonline.net\/index.php?rest_route=\/wp\/v2\/posts"}],"about":[{"href":"https:\/\/burkinaonline.net\/index.php?rest_route=\/wp\/v2\/types\/post"}],"author":[{"embeddable":true,"href":"https:\/\/burkinaonline.net\/index.php?rest_route=\/wp\/v2\/users\/1"}],"replies":[{"embeddable":true,"href":"https:\/\/burkinaonline.net\/index.php?rest_route=%2Fwp%2Fv2%2Fcomments&post=9059"}],"version-history":[{"count":4,"href":"https:\/\/burkinaonline.net\/index.php?rest_route=\/wp\/v2\/posts\/9059\/revisions"}],"predecessor-version":[{"id":9065,"href":"https:\/\/burkinaonline.net\/index.php?rest_route=\/wp\/v2\/posts\/9059\/revisions\/9065"}],"wp:featuredmedia":[{"embeddable":true,"href":"https:\/\/burkinaonline.net\/index.php?rest_route=\/wp\/v2\/media\/9064"}],"wp:attachment":[{"href":"https:\/\/burkinaonline.net\/index.php?rest_route=%2Fwp%2Fv2%2Fmedia&parent=9059"}],"wp:term":[{"taxonomy":"category","embeddable":true,"href":"https:\/\/burkinaonline.net\/index.php?rest_route=%2Fwp%2Fv2%2Fcategories&post=9059"},{"taxonomy":"post_tag","embeddable":true,"href":"https:\/\/burkinaonline.net\/index.php?rest_route=%2Fwp%2Fv2%2Ftags&post=9059"}],"curies":[{"name":"wp","href":"https:\/\/api.w.org\/{rel}","templated":true}]}}