{"id":9105,"date":"2025-12-30T17:48:46","date_gmt":"2025-12-30T17:48:46","guid":{"rendered":"https:\/\/burkinaonline.net\/?p=9105"},"modified":"2025-12-30T19:13:35","modified_gmt":"2025-12-30T19:13:35","slug":"burkina-faso-%f0%9f%87%a7%f0%9f%87%ab-deces-du-grand-imam-de-ouagadougou-cheikh-el-hadji-aboubacar-kassoum-sana","status":"publish","type":"post","link":"https:\/\/burkinaonline.net\/?p=9105","title":{"rendered":"D\u00e9c\u00e8s du Grand Imam El Hadj Aboubacar Kassim SANA : la FAIB annonce une lourde perte pour la Oummah et la Nation"},"content":{"rendered":"<p>La F\u00e9d\u00e9ration des associations islamiques du Burkina (FAIB) a annonc\u00e9, avec une tr\u00e8s profonde douleur, le rappel \u00e0 Dieu du Grand Imam El Hadj Aboubacar Kassim SANA. Le d\u00e9c\u00e8s est survenu ce mardi 30 d\u00e9cembre 2025, \u00e0 son domicile \u00e0 Ouagadougou, des suites de maladie, \u00e0 l\u2019\u00e2ge de 75 ans.<\/p>\n<p>Dans son communiqu\u00e9, la FAIB informe la Oummah islamique ainsi que l\u2019ensemble de la communaut\u00e9 nationale de cette disparition qui marque une perte majeure pour l\u2019Islam au Burkina Faso. Figure spirituelle respect\u00e9e, le Grand Imam El Hadj Aboubacar Kassim SANA s\u2019est distingu\u00e9 par sa sinc\u00e9rit\u00e9 dans l\u2019engagement religieux, son attachement aux valeurs de foi, de paix et de coh\u00e9sion sociale.<\/p>\n<p>La FAIB a pr\u00e9sent\u00e9 ses condol\u00e9ances \u00e0 la famille biologique du d\u00e9funt, \u00e0 la Oummah toute enti\u00e8re et \u00e0 l\u2019ensemble du peuple burkinab\u00e8. Elle a \u00e9galement invoqu\u00e9 le verset 23 de la sourate Al-Ahzab (33), rappelant la droiture et la constance des croyants sinc\u00e8res dans leur engagement envers Allah.<\/p>\n<p>\u00ab Nous en sommes t\u00e9moins et demandons \u00e0 Allah d\u2019agr\u00e9er notre bien-aim\u00e9 Imam et de lui accorder le Paradis Firdaws \u00bb, souligne la FAIB, appelant \u00e0 la pri\u00e8re et au recueillement.<\/p>\n<p>Les informations relatives au d\u00e9roulement des obs\u00e8ques seront communiqu\u00e9es ult\u00e9rieurement.<\/p>\n<p>Alex Nak\u00e9<\/p>\n<p>www.burkinaonline.net<\/p>\n<p><a href=\"http:\/\/burkinaonline.net\/wp-content\/uploads\/2025\/12\/16221c18-5a90-4e37-aae5-54a55a99866e.jpeg\"><img fetchpriority=\"high\" decoding=\"async\" class=\"alignnone size-medium wp-image-9112\" src=\"http:\/\/burkinaonline.net\/wp-content\/uploads\/2025\/12\/16221c18-5a90-4e37-aae5-54a55a99866e-212x300.jpeg\" alt=\"\" width=\"212\" height=\"300\" srcset=\"https:\/\/burkinaonline.net\/wp-content\/uploads\/2025\/12\/16221c18-5a90-4e37-aae5-54a55a99866e-212x300.jpeg 212w, https:\/\/burkinaonline.net\/wp-content\/uploads\/2025\/12\/16221c18-5a90-4e37-aae5-54a55a99866e-723x1024.jpeg 723w, https:\/\/burkinaonline.net\/wp-content\/uploads\/2025\/12\/16221c18-5a90-4e37-aae5-54a55a99866e-768x1087.jpeg 768w, https:\/\/burkinaonline.net\/wp-content\/uploads\/2025\/12\/16221c18-5a90-4e37-aae5-54a55a99866e.jpeg 904w\" sizes=\"(max-width: 212px) 100vw, 212px\" \/><\/a><\/p>\n","protected":false},"excerpt":{"rendered":"<p>La F\u00e9d\u00e9ration des associations islamiques du Burkina (FAIB) a annonc\u00e9, avec une tr\u00e8s profonde douleur,&#8230;<\/p>\n","protected":false},"author":1,"featured_media":9109,"comment_status":"open","ping_status":"open","sticky":false,"template":"","format":"standard","meta":{"footnotes":""},"categories":[8,10,13],"tags":[],"class_list":["post-9105","post","type-post","status-publish","format-standard","has-post-thumbnail","hentry","category-post","category-burkina-faso","category-societe"],"_links":{"self":[{"href":"https:\/\/burkinaonline.net\/index.php?rest_route=\/wp\/v2\/posts\/9105","targetHints":{"allow":["GET"]}}],"collection":[{"href":"https:\/\/burkinaonline.net\/index.php?rest_route=\/wp\/v2\/posts"}],"about":[{"href":"https:\/\/burkinaonline.net\/index.php?rest_route=\/wp\/v2\/types\/post"}],"author":[{"embeddable":true,"href":"https:\/\/burkinaonline.net\/index.php?rest_route=\/wp\/v2\/users\/1"}],"replies":[{"embeddable":true,"href":"https:\/\/burkinaonline.net\/index.php?rest_route=%2Fwp%2Fv2%2Fcomments&post=9105"}],"version-history":[{"count":4,"href":"https:\/\/burkinaonline.net\/index.php?rest_route=\/wp\/v2\/posts\/9105\/revisions"}],"predecessor-version":[{"id":9113,"href":"https:\/\/burkinaonline.net\/index.php?rest_route=\/wp\/v2\/posts\/9105\/revisions\/9113"}],"wp:featuredmedia":[{"embeddable":true,"href":"https:\/\/burkinaonline.net\/index.php?rest_route=\/wp\/v2\/media\/9109"}],"wp:attachment":[{"href":"https:\/\/burkinaonline.net\/index.php?rest_route=%2Fwp%2Fv2%2Fmedia&parent=9105"}],"wp:term":[{"taxonomy":"category","embeddable":true,"href":"https:\/\/burkinaonline.net\/index.php?rest_route=%2Fwp%2Fv2%2Fcategories&post=9105"},{"taxonomy":"post_tag","embeddable":true,"href":"https:\/\/burkinaonline.net\/index.php?rest_route=%2Fwp%2Fv2%2Ftags&post=9105"}],"curies":[{"name":"wp","href":"https:\/\/api.w.org\/{rel}","templated":true}]}}