{"id":9165,"date":"2026-01-16T20:50:07","date_gmt":"2026-01-16T20:50:07","guid":{"rendered":"https:\/\/burkinaonline.net\/?p=9165"},"modified":"2026-01-16T20:53:25","modified_gmt":"2026-01-16T20:53:25","slug":"malia-le-journal-jeune-afrique-interdit-de-circulation-de-distribution-et-de-vente-sur-tout-le-territoire","status":"publish","type":"post","link":"https:\/\/burkinaonline.net\/?p=9165","title":{"rendered":"Mali : le journal Jeune Afrique interdit de circulation, de distribution et de vente sur tout le territoire"},"content":{"rendered":"<p>Les autorit\u00e9s maliennes ont annonc\u00e9 l\u2019interdiction de la circulation, de la distribution et de la vente du journal Jeune Afrique sur toute l\u2019\u00e9tendue du territoire national.<\/p>\n<p>La d\u00e9cision, dat\u00e9e du 16 janvier 2026, \u00e9mane du minist\u00e8re de l\u2019Administration territoriale et de la D\u00e9centralisation. Le document pr\u00e9cise que l\u2019interdiction concerne le journal Jeune Afrique \u201csous toutes ses formes\u201d et qu\u2019elle prend effet \u00e0 compter de la date de signature.<\/p>\n<p>Dans cette d\u00e9cision, les autorit\u00e9s reprochent au journal des \u201caccusations fallacieuses et subversives\u201d, une \u201capologie du terrorisme\u201d, ainsi que des faits de diffamation et d\u2019incitation \u00e0 la haine.<\/p>\n<p>Le texte indique \u00e9galement que toute violation de cette interdiction expose les contrevenants aux sanctions pr\u00e9vues par la r\u00e9glementation en vigueur.<\/p>\n<p>Alex Nak\u00e9<br \/>\nwww.burkinaonline.net<\/p>\n<p><a href=\"http:\/\/burkinaonline.net\/wp-content\/uploads\/2026\/01\/e4d261e8-a179-4b60-9fa8-bedb386a3587-1.jpeg\"><img fetchpriority=\"high\" decoding=\"async\" class=\"alignnone size-medium wp-image-9170\" src=\"http:\/\/burkinaonline.net\/wp-content\/uploads\/2026\/01\/e4d261e8-a179-4b60-9fa8-bedb386a3587-1-197x300.jpeg\" alt=\"\" width=\"197\" height=\"300\" srcset=\"https:\/\/burkinaonline.net\/wp-content\/uploads\/2026\/01\/e4d261e8-a179-4b60-9fa8-bedb386a3587-1-197x300.jpeg 197w, https:\/\/burkinaonline.net\/wp-content\/uploads\/2026\/01\/e4d261e8-a179-4b60-9fa8-bedb386a3587-1-673x1024.jpeg 673w, https:\/\/burkinaonline.net\/wp-content\/uploads\/2026\/01\/e4d261e8-a179-4b60-9fa8-bedb386a3587-1.jpeg 710w\" sizes=\"(max-width: 197px) 100vw, 197px\" \/><\/a><\/p>\n<p>&nbsp;<\/p>\n","protected":false},"excerpt":{"rendered":"<p>Les autorit\u00e9s maliennes ont annonc\u00e9 l\u2019interdiction de la circulation, de la distribution et de la&#8230;<\/p>\n","protected":false},"author":1,"featured_media":9167,"comment_status":"open","ping_status":"open","sticky":false,"template":"","format":"standard","meta":{"footnotes":""},"categories":[8,30],"tags":[],"class_list":["post-9165","post","type-post","status-publish","format-standard","has-post-thumbnail","hentry","category-post","category-aes"],"_links":{"self":[{"href":"https:\/\/burkinaonline.net\/index.php?rest_route=\/wp\/v2\/posts\/9165","targetHints":{"allow":["GET"]}}],"collection":[{"href":"https:\/\/burkinaonline.net\/index.php?rest_route=\/wp\/v2\/posts"}],"about":[{"href":"https:\/\/burkinaonline.net\/index.php?rest_route=\/wp\/v2\/types\/post"}],"author":[{"embeddable":true,"href":"https:\/\/burkinaonline.net\/index.php?rest_route=\/wp\/v2\/users\/1"}],"replies":[{"embeddable":true,"href":"https:\/\/burkinaonline.net\/index.php?rest_route=%2Fwp%2Fv2%2Fcomments&post=9165"}],"version-history":[{"count":3,"href":"https:\/\/burkinaonline.net\/index.php?rest_route=\/wp\/v2\/posts\/9165\/revisions"}],"predecessor-version":[{"id":9171,"href":"https:\/\/burkinaonline.net\/index.php?rest_route=\/wp\/v2\/posts\/9165\/revisions\/9171"}],"wp:featuredmedia":[{"embeddable":true,"href":"https:\/\/burkinaonline.net\/index.php?rest_route=\/wp\/v2\/media\/9167"}],"wp:attachment":[{"href":"https:\/\/burkinaonline.net\/index.php?rest_route=%2Fwp%2Fv2%2Fmedia&parent=9165"}],"wp:term":[{"taxonomy":"category","embeddable":true,"href":"https:\/\/burkinaonline.net\/index.php?rest_route=%2Fwp%2Fv2%2Fcategories&post=9165"},{"taxonomy":"post_tag","embeddable":true,"href":"https:\/\/burkinaonline.net\/index.php?rest_route=%2Fwp%2Fv2%2Ftags&post=9165"}],"curies":[{"name":"wp","href":"https:\/\/api.w.org\/{rel}","templated":true}]}}