{"id":9183,"date":"2026-01-19T22:31:13","date_gmt":"2026-01-19T22:31:13","guid":{"rendered":"https:\/\/burkinaonline.net\/?p=9183"},"modified":"2026-01-19T22:31:13","modified_gmt":"2026-01-19T22:31:13","slug":"paul-henri-sandaogo-damiba-arrete-au-togo-expulsion-ou-extradition-vers-le-burkina-faso","status":"publish","type":"post","link":"https:\/\/burkinaonline.net\/?p=9183","title":{"rendered":"Paul-Henri Sandaogo Damiba arr\u00eat\u00e9 au Togo : expulsion ou extradition vers le Burkina Faso ?"},"content":{"rendered":"<p class=\"p1\">L\u2019ancien chef de l\u2019\u00c9tat burkinab\u00e8, le lieutenant-colonel Paul-Henri Sandaogo Damiba, aurait \u00e9t\u00e9 interpell\u00e9 \u00e0 Lom\u00e9 et conduit vers le Burkina Faso, selon plusieurs informations rapport\u00e9es ces derni\u00e8res heures.<\/p>\n<p class=\"p1\"><span class=\"s1\">D\u2019apr\u00e8s Jeune Afrique, Paul-Henri Damiba, en exil au Togo depuis sa chute du pouvoir en septembre 2022, \u00e9tait depuis des mois dans le collimateur des autorit\u00e9s burkinab\u00e8. Le m\u00e9dia indique que des proches de l\u2019ancien dirigeant affirment qu\u2019il aurait \u00e9t\u00e9 extrad\u00e9.<\/span><\/p>\n<p class=\"p1\"><span class=\"s1\">De son c\u00f4t\u00e9, Burkina Yawana avance que, sauf changement de derni\u00e8re minute, l\u2019ancien chef d\u2019\u00c9tat devrait \u00eatre extrad\u00e9, si ce n\u2019est d\u00e9j\u00e0 fait, vers le Burkina Faso. Le m\u00e9dia rappelle qu\u2019au d\u00e9but du mois de janvier, le nom de Damiba a \u00e9t\u00e9 cit\u00e9 dans une nouvelle affaire de tentative de d\u00e9stabilisation \u00e9voqu\u00e9e par les autorit\u00e9s.<\/span><\/p>\n<p class=\"p1\"><span class=\"s1\">D\u2019autres m\u00e9dias internationaux, dont RFI et TV5MONDE, \u00e9voquent \u00e9galement une arrestation suivie d\u2019une expulsion depuis le territoire togolais, dans un contexte s\u00e9curitaire et politique sensible.<\/span><\/p>\n<p class=\"p1\"><span class=\"s1\">Pour l\u2019instant, aucune confirmation officielle n\u2019a \u00e9t\u00e9 rendue publique sur les d\u00e9tails exacts de la proc\u00e9dure, ni sur le lieu o\u00f9 se trouverait pr\u00e9cis\u00e9ment l\u2019ancien chef d\u2019\u00c9tat. La distinction entre une extradition formelle et une expulsion administrative n\u2019est pas encore clairement \u00e9tablie.<\/span><\/p>\n<p>Gildas Kinda<\/p>\n<p>www.burkinaonline.net<\/p>\n","protected":false},"excerpt":{"rendered":"<p>L\u2019ancien chef de l\u2019\u00c9tat burkinab\u00e8, le lieutenant-colonel Paul-Henri Sandaogo Damiba, aurait \u00e9t\u00e9 interpell\u00e9 \u00e0 Lom\u00e9&#8230;<\/p>\n","protected":false},"author":1,"featured_media":9184,"comment_status":"open","ping_status":"open","sticky":false,"template":"","format":"standard","meta":{"footnotes":""},"categories":[8,10],"tags":[],"class_list":["post-9183","post","type-post","status-publish","format-standard","has-post-thumbnail","hentry","category-post","category-burkina-faso"],"_links":{"self":[{"href":"https:\/\/burkinaonline.net\/index.php?rest_route=\/wp\/v2\/posts\/9183","targetHints":{"allow":["GET"]}}],"collection":[{"href":"https:\/\/burkinaonline.net\/index.php?rest_route=\/wp\/v2\/posts"}],"about":[{"href":"https:\/\/burkinaonline.net\/index.php?rest_route=\/wp\/v2\/types\/post"}],"author":[{"embeddable":true,"href":"https:\/\/burkinaonline.net\/index.php?rest_route=\/wp\/v2\/users\/1"}],"replies":[{"embeddable":true,"href":"https:\/\/burkinaonline.net\/index.php?rest_route=%2Fwp%2Fv2%2Fcomments&post=9183"}],"version-history":[{"count":1,"href":"https:\/\/burkinaonline.net\/index.php?rest_route=\/wp\/v2\/posts\/9183\/revisions"}],"predecessor-version":[{"id":9185,"href":"https:\/\/burkinaonline.net\/index.php?rest_route=\/wp\/v2\/posts\/9183\/revisions\/9185"}],"wp:featuredmedia":[{"embeddable":true,"href":"https:\/\/burkinaonline.net\/index.php?rest_route=\/wp\/v2\/media\/9184"}],"wp:attachment":[{"href":"https:\/\/burkinaonline.net\/index.php?rest_route=%2Fwp%2Fv2%2Fmedia&parent=9183"}],"wp:term":[{"taxonomy":"category","embeddable":true,"href":"https:\/\/burkinaonline.net\/index.php?rest_route=%2Fwp%2Fv2%2Fcategories&post=9183"},{"taxonomy":"post_tag","embeddable":true,"href":"https:\/\/burkinaonline.net\/index.php?rest_route=%2Fwp%2Fv2%2Ftags&post=9183"}],"curies":[{"name":"wp","href":"https:\/\/api.w.org\/{rel}","templated":true}]}}