{"id":9186,"date":"2026-01-20T07:11:02","date_gmt":"2026-01-20T07:11:02","guid":{"rendered":"https:\/\/burkinaonline.net\/?p=9186"},"modified":"2026-01-20T07:11:02","modified_gmt":"2026-01-20T07:11:02","slug":"le-senegal-peut-il-perdre-son-titre-ce-que-prevoit-larticle-82","status":"publish","type":"post","link":"https:\/\/burkinaonline.net\/?p=9186","title":{"rendered":"Le S\u00e9n\u00e9gal peut-il perdre son titre ? Ce que pr\u00e9voit l\u2019article 82"},"content":{"rendered":"<p class=\"p1\">Au lendemain d\u2019une finale de CAN tr\u00e8s tendue entre le S\u00e9n\u00e9gal et le Maroc, une question revient avec insistance : le S\u00e9n\u00e9gal risque-t-il de se voir retirer son titre de champion d\u2019Afrique ?<\/p>\n<p class=\"p1\"><span class=\"s1\">C\u2019est d\u00e9sormais l\u2019axe central du d\u00e9bat, apr\u00e8s l\u2019annonce de la F\u00e9d\u00e9ration marocaine de saisir la CAF pour qu\u2019elle se prononce sur le retrait momentan\u00e9 des S\u00e9n\u00e9galais du terrain.<\/span><\/p>\n<p class=\"p1\"><span class=\"s1\">Le Maroc demande une d\u00e9cision sur le titre?<\/span><\/p>\n<p class=\"p1\"><span class=\"s1\">La F\u00e9d\u00e9ration marocaine estime que la sortie des Lions de la Teranga a perturb\u00e9 le d\u00e9roulement normal du match. Elle demande donc \u00e0 la CAF de dire clairement si, au regard du r\u00e8glement, le Maroc peut obtenir une victoire administrative, ce qui reviendrait \u00e0 remettre en cause le sacre du S\u00e9n\u00e9gal.<\/span><\/p>\n<p class=\"p1\"><span class=\"s1\">Ce que dit l\u2019article 82 du r\u00e8glement<\/span><\/p>\n<p class=\"p1\"><span class=\"s1\">L\u2019article 82, cit\u00e9 dans les discussions, est tr\u00e8s explicite. Il pr\u00e9voit que si une \u00e9quipe :<\/span><\/p>\n<p class=\"p3\"><span class=\"s1\"> \u2022 refuse de jouer,<\/span><\/p>\n<p class=\"p3\"><span class=\"s1\"> \u2022 ou quitte le terrain avant la fin du match,<\/span><\/p>\n<p class=\"p3\"><span class=\"s1\"> \u2022 sans l\u2019autorisation de l\u2019arbitre,<\/span><\/p>\n<p class=\"p3\"><span class=\"s1\">elle est alors consid\u00e9r\u00e9e comme perdante et d\u00e9finitivement \u00e9limin\u00e9e de la comp\u00e9tition en cours.<\/span><\/p>\n<p class=\"p3\"><span class=\"s1\">Autrement dit, si la CAF juge que le S\u00e9n\u00e9gal a commis un abandon de match, une sanction lourde est possible, avec une cons\u00e9quence directe : le titre pourrait \u00eatre remis en question.<\/span><\/p>\n<p class=\"p1\"><span class=\"s1\">Pourquoi le retrait du titre n\u2019est pas automatique<\/span><\/p>\n<p class=\"p1\"><span class=\"s1\">Mais dans les faits, tout d\u00e9pendra de l\u2019interpr\u00e9tation de la CAF, car la situation n\u2019est pas aussi simple qu\u2019un abandon pur et dur.<\/span><\/p>\n<p class=\"p1\"><span class=\"s1\">Le match a \u00e9t\u00e9 interrompu, mais il a repris et il est all\u00e9 jusqu\u2019\u00e0 son terme. Cette reprise du jeu constitue un \u00e9l\u00e9ment important dans l\u2019analyse disciplinaire : le retrait des S\u00e9n\u00e9galais a \u00e9t\u00e9 temporaire, et non un arr\u00eat d\u00e9finitif.<\/span><\/p>\n<p class=\"p1\"><span class=\"s1\">Un argument important en faveur du S\u00e9n\u00e9gal : Man\u00e9 n\u2019a jamais quitt\u00e9 la pelouse<\/span><\/p>\n<p class=\"p1\"><span class=\"s1\">Un autre point peut clairement jouer en faveur du S\u00e9n\u00e9gal : ce n\u2019est pas toute l\u2019\u00e9quipe qui a quitt\u00e9 le terrain.<\/span><\/p>\n<p class=\"p1\"><span class=\"s1\">Sadio Man\u00e9 est rest\u00e9 sur la pelouse, pendant que ses co\u00e9quipiers se retiraient. Il aurait ensuite \u00e9chang\u00e9 bri\u00e8vement avec Claude Le Roy, avant d\u2019aller ramener les autres joueurs sur le terrain, ce qui a permis au match de reprendre.<\/span><\/p>\n<p class=\"p1\"><span class=\"s1\">Cet \u00e9l\u00e9ment peut peser lourd : il renforce l\u2019id\u00e9e que le S\u00e9n\u00e9gal n\u2019a pas totalement \u201cabandonn\u00e9\u201d le match, mais a plut\u00f4t travers\u00e9 un moment de tension avant de revenir \u00e0 la comp\u00e9tition.<\/span><\/p>\n<p class=\"p1\"><span class=\"s1\">Vers des sanctions, mais le titre reste pour l\u2019instant intact<\/span><\/p>\n<p class=\"p1\"><span class=\"s1\">\u00c0 ce stade, aucune d\u00e9cision officielle ne confirme un retrait du troph\u00e9e. La CAF a annonc\u00e9 qu\u2019elle allait examiner les faits et les images de la rencontre, ce qui peut d\u00e9boucher sur des sanctions. Mais tant qu\u2019il n\u2019y a pas de d\u00e9cision formelle, le S\u00e9n\u00e9gal reste champion.<\/span><\/p>\n<p class=\"p1\"><span class=\"s1\">Gildas Kinda<\/span><\/p>\n<p class=\"p1\"><span class=\"s1\">www.burkinaonline.net<\/span><\/p>\n","protected":false},"excerpt":{"rendered":"<p>Au lendemain d\u2019une finale de CAN tr\u00e8s tendue entre le S\u00e9n\u00e9gal et le Maroc, une&#8230;<\/p>\n","protected":false},"author":1,"featured_media":9187,"comment_status":"open","ping_status":"open","sticky":false,"template":"","format":"standard","meta":{"footnotes":""},"categories":[8,10],"tags":[],"class_list":["post-9186","post","type-post","status-publish","format-standard","has-post-thumbnail","hentry","category-post","category-burkina-faso"],"_links":{"self":[{"href":"https:\/\/burkinaonline.net\/index.php?rest_route=\/wp\/v2\/posts\/9186","targetHints":{"allow":["GET"]}}],"collection":[{"href":"https:\/\/burkinaonline.net\/index.php?rest_route=\/wp\/v2\/posts"}],"about":[{"href":"https:\/\/burkinaonline.net\/index.php?rest_route=\/wp\/v2\/types\/post"}],"author":[{"embeddable":true,"href":"https:\/\/burkinaonline.net\/index.php?rest_route=\/wp\/v2\/users\/1"}],"replies":[{"embeddable":true,"href":"https:\/\/burkinaonline.net\/index.php?rest_route=%2Fwp%2Fv2%2Fcomments&post=9186"}],"version-history":[{"count":1,"href":"https:\/\/burkinaonline.net\/index.php?rest_route=\/wp\/v2\/posts\/9186\/revisions"}],"predecessor-version":[{"id":9188,"href":"https:\/\/burkinaonline.net\/index.php?rest_route=\/wp\/v2\/posts\/9186\/revisions\/9188"}],"wp:featuredmedia":[{"embeddable":true,"href":"https:\/\/burkinaonline.net\/index.php?rest_route=\/wp\/v2\/media\/9187"}],"wp:attachment":[{"href":"https:\/\/burkinaonline.net\/index.php?rest_route=%2Fwp%2Fv2%2Fmedia&parent=9186"}],"wp:term":[{"taxonomy":"category","embeddable":true,"href":"https:\/\/burkinaonline.net\/index.php?rest_route=%2Fwp%2Fv2%2Fcategories&post=9186"},{"taxonomy":"post_tag","embeddable":true,"href":"https:\/\/burkinaonline.net\/index.php?rest_route=%2Fwp%2Fv2%2Ftags&post=9186"}],"curies":[{"name":"wp","href":"https:\/\/api.w.org\/{rel}","templated":true}]}}