{"id":9189,"date":"2026-01-20T14:22:33","date_gmt":"2026-01-20T14:22:33","guid":{"rendered":"https:\/\/burkinaonline.net\/?p=9189"},"modified":"2026-01-20T14:22:33","modified_gmt":"2026-01-20T14:22:33","slug":"les-autorites-togolaises-confirment-lextradition-de-paul-henri-sandaogo-damiba-vers-le-burkina-faso","status":"publish","type":"post","link":"https:\/\/burkinaonline.net\/?p=9189","title":{"rendered":"Les autorit\u00e9s togolaises confirment l\u2019extradition de Paul-Henri Sandaogo Damiba vers le Burkina Faso"},"content":{"rendered":"<p class=\"p1\">Les autorit\u00e9s togolaises ont officiellement confirm\u00e9 l\u2019extradition de l\u2019ancien chef d\u2019\u00c9tat burkinab\u00e8, le lieutenant-colonel Paul-Henri Sandaogo Damiba, vers le Burkina Faso.<\/p>\n<p class=\"p1\"><span class=\"s1\">Dans un communiqu\u00e9 gouvernemental dat\u00e9 du 19 janvier 2026, la R\u00e9publique togolaise indique avoir re\u00e7u, le 12 janvier 2026, une demande d\u2019extradition formul\u00e9e par les autorit\u00e9s judiciaires burkinab\u00e8. Cette requ\u00eate visait M. Damiba, poursuivi pour plusieurs chefs d\u2019accusation, notamment d\u00e9tournement criminel de deniers publics, enrichissement illicite criminel, corruption, incitation \u00e0 la commission de d\u00e9lits et crimes, recel aggrav\u00e9 et blanchiment de capitaux.<\/span><\/p>\n<p class=\"p1\"><span class=\"s1\">Selon le document, apr\u00e8s examen de la r\u00e9gularit\u00e9 de la demande, les autorit\u00e9s togolaises ont engag\u00e9 la proc\u00e9dure conform\u00e9ment \u00e0 la r\u00e9glementation en vigueur au Togo.<\/span><\/p>\n<p class=\"p1\"><span class=\"s1\">Le communiqu\u00e9 pr\u00e9cise que Paul-Henri Sandaogo Damiba a \u00e9t\u00e9 interpell\u00e9 le 16 janvier 2026 en ex\u00e9cution d\u2019un mandat d\u2019arr\u00eat li\u00e9 \u00e0 la demande d\u2019extradition, puis plac\u00e9 sous \u00e9crou.<\/span><\/p>\n<p class=\"p1\"><span class=\"s1\">Toujours d\u2019apr\u00e8s les informations officielles, la chambre d\u2019instruction de la Cour d\u2019appel de Lom\u00e9 a \u00e9t\u00e9 saisie du dossier. \u00c0 l\u2019issue de l\u2019audience publique tenue le 16 janvier 2026, la juridiction a rendu un avis favorable \u00e0 l\u2019extradition. Cette d\u00e9cision aurait \u00e9t\u00e9 prise sur la base du principe de r\u00e9ciprocit\u00e9, des instruments internationaux auxquels le Togo est partie, ainsi que des garanties fournies par le Burkina Faso, notamment le respect de l\u2019int\u00e9grit\u00e9 physique et de la dignit\u00e9 de l\u2019int\u00e9ress\u00e9, ses droits durant la proc\u00e9dure, y compris celui \u00e0 un proc\u00e8s \u00e9quitable, ainsi que l\u2019absence de peine de mort.<\/span><\/p>\n<p class=\"p1\"><span class=\"s1\">Apr\u00e8s cet avis favorable, M. Damiba a \u00e9t\u00e9 remis aux autorit\u00e9s burkinab\u00e8 le 17 janvier 2026, conclut le communiqu\u00e9, sign\u00e9 par le Garde des Sceaux, ministre de la Justice et des Droits humains.<\/span><\/p>\n<p class=\"p1\"><span class=\"s1\">Cette confirmation officielle des autorit\u00e9s togolaises intervient dans un contexte o\u00f9 les questions de coop\u00e9ration judiciaire et s\u00e9curitaire prennent une importance croissante en Afrique de l\u2019Ouest.<\/span><\/p>\n<p class=\"p1\"><span class=\"s1\">Gildas Kinda <\/span><\/p>\n<p class=\"p1\"><span class=\"s1\">www.burkinaonline.net<\/span><\/p>\n<figure id=\"attachment_9191\" aria-describedby=\"caption-attachment-9191\" style=\"width: 233px\" class=\"wp-caption alignnone\"><a href=\"http:\/\/burkinaonline.net\/wp-content\/uploads\/2026\/01\/IMG_5101.jpeg\"><img fetchpriority=\"high\" decoding=\"async\" class=\"size-medium wp-image-9191\" src=\"http:\/\/burkinaonline.net\/wp-content\/uploads\/2026\/01\/IMG_5101-233x300.jpeg\" alt=\"\" width=\"233\" height=\"300\" srcset=\"https:\/\/burkinaonline.net\/wp-content\/uploads\/2026\/01\/IMG_5101-233x300.jpeg 233w, https:\/\/burkinaonline.net\/wp-content\/uploads\/2026\/01\/IMG_5101-794x1024.jpeg 794w, https:\/\/burkinaonline.net\/wp-content\/uploads\/2026\/01\/IMG_5101-768x991.jpeg 768w, https:\/\/burkinaonline.net\/wp-content\/uploads\/2026\/01\/IMG_5101-1191x1536.jpeg 1191w, https:\/\/burkinaonline.net\/wp-content\/uploads\/2026\/01\/IMG_5101-1024x1321.jpeg 1024w, https:\/\/burkinaonline.net\/wp-content\/uploads\/2026\/01\/IMG_5101.jpeg 1284w\" sizes=\"(max-width: 233px) 100vw, 233px\" \/><\/a><figcaption id=\"caption-attachment-9191\" class=\"wp-caption-text\">Screenshot<\/figcaption><\/figure>\n","protected":false},"excerpt":{"rendered":"<p>Les autorit\u00e9s togolaises ont officiellement confirm\u00e9 l\u2019extradition de l\u2019ancien chef d\u2019\u00c9tat burkinab\u00e8, le lieutenant-colonel Paul-Henri&#8230;<\/p>\n","protected":false},"author":1,"featured_media":9190,"comment_status":"open","ping_status":"open","sticky":false,"template":"","format":"standard","meta":{"footnotes":""},"categories":[8,10],"tags":[],"class_list":["post-9189","post","type-post","status-publish","format-standard","has-post-thumbnail","hentry","category-post","category-burkina-faso"],"_links":{"self":[{"href":"https:\/\/burkinaonline.net\/index.php?rest_route=\/wp\/v2\/posts\/9189","targetHints":{"allow":["GET"]}}],"collection":[{"href":"https:\/\/burkinaonline.net\/index.php?rest_route=\/wp\/v2\/posts"}],"about":[{"href":"https:\/\/burkinaonline.net\/index.php?rest_route=\/wp\/v2\/types\/post"}],"author":[{"embeddable":true,"href":"https:\/\/burkinaonline.net\/index.php?rest_route=\/wp\/v2\/users\/1"}],"replies":[{"embeddable":true,"href":"https:\/\/burkinaonline.net\/index.php?rest_route=%2Fwp%2Fv2%2Fcomments&post=9189"}],"version-history":[{"count":1,"href":"https:\/\/burkinaonline.net\/index.php?rest_route=\/wp\/v2\/posts\/9189\/revisions"}],"predecessor-version":[{"id":9192,"href":"https:\/\/burkinaonline.net\/index.php?rest_route=\/wp\/v2\/posts\/9189\/revisions\/9192"}],"wp:featuredmedia":[{"embeddable":true,"href":"https:\/\/burkinaonline.net\/index.php?rest_route=\/wp\/v2\/media\/9190"}],"wp:attachment":[{"href":"https:\/\/burkinaonline.net\/index.php?rest_route=%2Fwp%2Fv2%2Fmedia&parent=9189"}],"wp:term":[{"taxonomy":"category","embeddable":true,"href":"https:\/\/burkinaonline.net\/index.php?rest_route=%2Fwp%2Fv2%2Fcategories&post=9189"},{"taxonomy":"post_tag","embeddable":true,"href":"https:\/\/burkinaonline.net\/index.php?rest_route=%2Fwp%2Fv2%2Ftags&post=9189"}],"curies":[{"name":"wp","href":"https:\/\/api.w.org\/{rel}","templated":true}]}}