{"id":9193,"date":"2026-01-21T15:30:05","date_gmt":"2026-01-21T15:30:05","guid":{"rendered":"https:\/\/burkinaonline.net\/?p=9193"},"modified":"2026-01-21T15:30:05","modified_gmt":"2026-01-21T15:30:05","slug":"extradition-de-damiba-le-gouvernement-burkinabe-reagit-officiellement-pour-la-premiere-fois","status":"publish","type":"post","link":"https:\/\/burkinaonline.net\/?p=9193","title":{"rendered":"Extradition de   Damiba: Le gouvernement burkinab\u00e9 r\u00e9agit officiellement pour la premi\u00e8re fois"},"content":{"rendered":"<p class=\"p1\">Les autorit\u00e9s burkinab\u00e8 ont confirm\u00e9, \u00e0 travers un communiqu\u00e9 officiel dat\u00e9 du 20 janvier 2026, l\u2019extradition de l\u2019ancien chef de l\u2019\u00c9tat, Paul Henri Sandaogo Damiba, en provenance du Togo. Selon le minist\u00e8re de la Justice, cette extradition intervient dans le cadre d\u2019une proc\u00e9dure judiciaire portant notamment sur une pr\u00e9sum\u00e9e atteinte \u00e0 la s\u00fbret\u00e9 et \u00e0 la s\u00e9curit\u00e9 de l\u2019\u00c9tat, ainsi que sur plusieurs infractions \u00e9conomiques et financi\u00e8res.<\/p>\n<p class=\"p1\"><span class=\"s1\">Une d\u00e9nonciation \u00e0 l\u2019origine de la proc\u00e9dure<\/span><\/p>\n<p class=\"p1\"><span class=\"s1\">D\u2019apr\u00e8s le communiqu\u00e9, la proc\u00e9dure a \u00e9t\u00e9 enclench\u00e9e \u00e0 la suite d\u2019une d\u00e9nonciation enregistr\u00e9e le 05 janvier 2026 au parquet pr\u00e8s le Tribunal de grande instance Ouaga I. Cette d\u00e9nonciation faisait \u00e9tat de l\u2019implication de plusieurs personnes civiles et militaires, dont Paul Henri Sandaogo Damiba, dans des actes qualifi\u00e9s de pr\u00e9paratoires \u00e0 une atteinte \u00e0 la s\u00fbret\u00e9 de l\u2019\u00c9tat, mais aussi de d\u00e9tournement de deniers publics, d\u2019incitation \u00e0 la commission d\u2019infractions, de recel aggrav\u00e9 et de blanchiment de capitaux.<\/span><\/p>\n<p class=\"p1\"><span class=\"s1\">Le Procureur du Faso a alors requis du juge d\u2019instruction l\u2019ouverture d\u2019une information judiciaire, la d\u00e9livrance d\u2019un mandat d\u2019arr\u00eat international contre l\u2019ancien dirigeant, ainsi que le recours \u00e0 la coop\u00e9ration p\u00e9nale internationale avec la R\u00e9publique du Togo afin d\u2019obtenir son extradition.<\/span><\/p>\n<p class=\"p1\"><span class=\"s1\">Ouverture d\u2019une information judiciaire et mandat d\u2019arr\u00eat international<\/span><\/p>\n<p class=\"p1\"><span class=\"s1\">Le 06 janvier 2026, le juge d\u2019instruction a effectivement ouvert une information judiciaire, visant plusieurs chefs d\u2019accusation : d\u00e9tournement criminel de deniers publics, enrichissement illicite criminel, corruption, incitation \u00e0 la commission de d\u00e9lits et crimes, recel aggrav\u00e9 et blanchiment de capitaux.<\/span><\/p>\n<p class=\"p1\"><span class=\"s1\">Le communiqu\u00e9 pr\u00e9cise que ces infractions sont pr\u00e9vues et punies par des dispositions du code p\u00e9nal burkinab\u00e8, notamment les articles 131-8, 331-1, 332-2, 332-17, 332-24, 614-1 et 614-3, ainsi que par plusieurs articles (9, 174, 184 \u00e0 187, 196 \u00e0 199 et 202) de la loi n\u00b0046-2024\/ALT du 30 d\u00e9cembre 2024 relative \u00e0 la lutte contre le blanchiment de capitaux, le financement du terrorisme et la prolif\u00e9ration des armes de destruction massive au Burkina Faso.<\/span><\/p>\n<p class=\"p1\"><span class=\"s1\">Dans la foul\u00e9e, le juge d\u2019instruction a d\u00e9cern\u00e9 un mandat d\u2019arr\u00eat international contre Paul Henri Sandaogo Damiba et transmis aux autorit\u00e9s togolaises une demande d\u2019extradition vers le Burkina Faso.<\/span><\/p>\n<p class=\"p1\"><span class=\"s1\">D\u00e9cision de la Cour d\u2019appel de Lom\u00e9 et extradition effective<\/span><\/p>\n<p class=\"p1\"><span class=\"s1\">Toujours selon le communiqu\u00e9, la Chambre d\u2019instruction de la Cour d\u2019appel de Lom\u00e9 a rendu, le 16 janvier 2026, l\u2019arr\u00eat n\u00b0013\/2026, ouvrant la voie \u00e0 l\u2019extradition de l\u2019ancien chef de l\u2019\u00c9tat. L\u2019extradition a ensuite \u00e9t\u00e9 rendue effective et Paul Henri Sandaogo Damiba serait arriv\u00e9 au Burkina Faso le 17 janvier 2026 pour r\u00e9pondre des faits qui lui sont reproch\u00e9s.<\/span><\/p>\n<p class=\"p1\"><span class=\"s1\">Cette coop\u00e9ration judiciaire a \u00e9t\u00e9 salu\u00e9e par Ouagadougou. Le ministre de la Justice, Ma\u00eetre Edasso Rodrigue Bayala, au nom du Gouvernement burkinab\u00e8, a exprim\u00e9 sa reconnaissance aux autorit\u00e9s togolaises pour cette \u00ab parfaite coop\u00e9ration judiciaire \u00bb, pr\u00e9sent\u00e9e comme une illustration des bonnes relations entre les deux pays.<\/span><\/p>\n<p class=\"p1\"><span class=\"s1\">Une affaire au c\u0153ur de l\u2019actualit\u00e9 politique et judiciaire<\/span><\/p>\n<p class=\"p1\"><span class=\"s1\">L\u2019extradition de Paul Henri Sandaogo Damiba marque une \u00e9tape majeure dans cette proc\u00e9dure aux enjeux importants. Elle devrait d\u00e9sormais ouvrir la voie \u00e0 la poursuite de l\u2019instruction judiciaire au Burkina Faso, avec l\u2019audition de l\u2019int\u00e9ress\u00e9 et l\u2019examen des accusations port\u00e9es contre lui.<\/span><\/p>\n<p class=\"p1\"><span class=\"s1\">Le communiqu\u00e9 ne donne toutefois pas de d\u00e9tails sur les prochaines \u00e9tapes judiciaires ni sur un \u00e9ventuel calendrier des audiences.<\/span><\/p>\n<p class=\"p1\"><span class=\"s1\">Alex Nak\u00e9 <\/span><\/p>\n<p class=\"p1\"><span class=\"s1\">www.burkinaonline.net<\/span><\/p>\n<p><a href=\"http:\/\/burkinaonline.net\/wp-content\/uploads\/2026\/01\/IMG_5159.jpeg\"><img fetchpriority=\"high\" decoding=\"async\" class=\"alignnone size-medium wp-image-9195\" src=\"http:\/\/burkinaonline.net\/wp-content\/uploads\/2026\/01\/IMG_5159-211x300.jpeg\" alt=\"\" width=\"211\" height=\"300\" srcset=\"https:\/\/burkinaonline.net\/wp-content\/uploads\/2026\/01\/IMG_5159-211x300.jpeg 211w, https:\/\/burkinaonline.net\/wp-content\/uploads\/2026\/01\/IMG_5159-721x1024.jpeg 721w, https:\/\/burkinaonline.net\/wp-content\/uploads\/2026\/01\/IMG_5159-768x1092.jpeg 768w, https:\/\/burkinaonline.net\/wp-content\/uploads\/2026\/01\/IMG_5159-1081x1536.jpeg 1081w, https:\/\/burkinaonline.net\/wp-content\/uploads\/2026\/01\/IMG_5159-1024x1455.jpeg 1024w, https:\/\/burkinaonline.net\/wp-content\/uploads\/2026\/01\/IMG_5159.jpeg 1441w\" sizes=\"(max-width: 211px) 100vw, 211px\" \/><\/a><\/p>\n","protected":false},"excerpt":{"rendered":"<p>Les autorit\u00e9s burkinab\u00e8 ont confirm\u00e9, \u00e0 travers un communiqu\u00e9 officiel dat\u00e9 du 20 janvier 2026,&#8230;<\/p>\n","protected":false},"author":1,"featured_media":9194,"comment_status":"open","ping_status":"open","sticky":false,"template":"","format":"standard","meta":{"footnotes":""},"categories":[8,10],"tags":[],"class_list":["post-9193","post","type-post","status-publish","format-standard","has-post-thumbnail","hentry","category-post","category-burkina-faso"],"_links":{"self":[{"href":"https:\/\/burkinaonline.net\/index.php?rest_route=\/wp\/v2\/posts\/9193","targetHints":{"allow":["GET"]}}],"collection":[{"href":"https:\/\/burkinaonline.net\/index.php?rest_route=\/wp\/v2\/posts"}],"about":[{"href":"https:\/\/burkinaonline.net\/index.php?rest_route=\/wp\/v2\/types\/post"}],"author":[{"embeddable":true,"href":"https:\/\/burkinaonline.net\/index.php?rest_route=\/wp\/v2\/users\/1"}],"replies":[{"embeddable":true,"href":"https:\/\/burkinaonline.net\/index.php?rest_route=%2Fwp%2Fv2%2Fcomments&post=9193"}],"version-history":[{"count":1,"href":"https:\/\/burkinaonline.net\/index.php?rest_route=\/wp\/v2\/posts\/9193\/revisions"}],"predecessor-version":[{"id":9196,"href":"https:\/\/burkinaonline.net\/index.php?rest_route=\/wp\/v2\/posts\/9193\/revisions\/9196"}],"wp:featuredmedia":[{"embeddable":true,"href":"https:\/\/burkinaonline.net\/index.php?rest_route=\/wp\/v2\/media\/9194"}],"wp:attachment":[{"href":"https:\/\/burkinaonline.net\/index.php?rest_route=%2Fwp%2Fv2%2Fmedia&parent=9193"}],"wp:term":[{"taxonomy":"category","embeddable":true,"href":"https:\/\/burkinaonline.net\/index.php?rest_route=%2Fwp%2Fv2%2Fcategories&post=9193"},{"taxonomy":"post_tag","embeddable":true,"href":"https:\/\/burkinaonline.net\/index.php?rest_route=%2Fwp%2Fv2%2Ftags&post=9193"}],"curies":[{"name":"wp","href":"https:\/\/api.w.org\/{rel}","templated":true}]}}