{"id":9492,"date":"2026-03-08T13:14:25","date_gmt":"2026-03-08T13:14:25","guid":{"rendered":"https:\/\/burkinaonline.net\/?p=9492"},"modified":"2026-03-08T13:37:48","modified_gmt":"2026-03-08T13:37:48","slug":"urgence-humanitaire-dans-la-leraba-la-croix-rouge-apporte-une-aide-durgence-a-1-176-menages","status":"publish","type":"post","link":"https:\/\/burkinaonline.net\/?p=9492","title":{"rendered":"URGENCE HUMANITAIRE DANS LA LERABA : La Croix-Rouge apporte une aide d\u2019urgence \u00e0 1 176 m\u00e9nages"},"content":{"rendered":"<p class=\"s5\">Du 19 f\u00e9vrier au 5 mars 2026, la Croix-Rouge Burkinab\u00e8 a apport\u00e9 une assistance humanitaire d\u2019urgence \u00e0 1 176 m\u00e9nages d\u00e9plac\u00e9s internes et familles h\u00f4tes dans la commune de Ou\u00e9l\u00e9ni ainsi que dans les localit\u00e9s de Tiongo et Outila, dans la province de la L\u00e9raba. Cette intervention, rendue possible gr\u00e2ce au soutien financier de la F\u00e9d\u00e9ration Internationale des Soci\u00e9t\u00e9s de la Croix-Rouge et du Croissant-Rouge (FICR) \u00e0 travers son m\u00e9canisme DREF \u00ab Mouvement de populations \u00bb, visait \u00e0 soulager des communaut\u00e9s fortement affect\u00e9es par l\u2019afflux de personnes fuyant l\u2019ins\u00e9curit\u00e9 dans les zones environnantes.<\/p>\n<p><a href=\"http:\/\/burkinaonline.net\/wp-content\/uploads\/2026\/03\/IMG_7195-scaled.jpeg\"><img decoding=\"async\" class=\"aligncenter size-medium wp-image-9499\" src=\"http:\/\/burkinaonline.net\/wp-content\/uploads\/2026\/03\/IMG_7195-300x135.jpeg\" alt=\"\" width=\"300\" height=\"135\" srcset=\"https:\/\/burkinaonline.net\/wp-content\/uploads\/2026\/03\/IMG_7195-300x135.jpeg 300w, https:\/\/burkinaonline.net\/wp-content\/uploads\/2026\/03\/IMG_7195-1024x461.jpeg 1024w, https:\/\/burkinaonline.net\/wp-content\/uploads\/2026\/03\/IMG_7195-768x346.jpeg 768w, https:\/\/burkinaonline.net\/wp-content\/uploads\/2026\/03\/IMG_7195-1536x691.jpeg 1536w, https:\/\/burkinaonline.net\/wp-content\/uploads\/2026\/03\/IMG_7195-2048x922.jpeg 2048w\" sizes=\"(max-width: 300px) 100vw, 300px\" \/><\/a><\/p>\n<p class=\"s9\"><span class=\"s8\">Depuis plusieurs mois, ces localit\u00e9s font face \u00e0 une pression d\u00e9mographique soutenue. Les familles h\u00f4tes, d\u00e9j\u00e0 fragilis\u00e9es par la conjoncture \u00e9conomique, partagent leurs ressources limit\u00e9es avec les m\u00e9nages d\u00e9plac\u00e9s. Cette situation a entra\u00een\u00e9 une d\u00e9gradation rapide des conditions de vie et un risque accru d\u2019ins\u00e9curit\u00e9 alimentaire et sanitaire.<\/span><\/p>\n<p class=\"s9\"><span class=\"s8\">Pour r\u00e9pondre \u00e0 cette urgence, la Croix-Rouge Burkinab\u00e8, en \u00e9troite collaboration avec les services techniques provinciaux de l\u2019action humanitaire, a proc\u00e9d\u00e9 \u00e0 une distribution multisectorielle de kits alimentaires et essentiels<\/span> <span class=\"s8\">(Wash et dignit\u00e9)<\/span><span class=\"s8\">L\u2019identification des b\u00e9n\u00e9ficiaires s\u2019est appuy\u00e9e sur les listes officielles<\/span> <span class=\"s8\">des personnes vuln\u00e9rables valid\u00e9es par les autorit\u00e9s locales, <\/span><span class=\"s8\">ce qui a permis de garantir la <\/span><span class=\"s8\">transparence et <\/span><span class=\"s8\">l\u2019<\/span><span class=\"s8\">\u00e9quit\u00e9 dans le processus.<\/span><\/p>\n<p><a href=\"http:\/\/burkinaonline.net\/wp-content\/uploads\/2026\/03\/IMG_7200-scaled.jpeg\"><img fetchpriority=\"high\" decoding=\"async\" class=\"aligncenter size-medium wp-image-9498\" src=\"http:\/\/burkinaonline.net\/wp-content\/uploads\/2026\/03\/IMG_7200-300x200.jpeg\" alt=\"\" width=\"300\" height=\"200\" srcset=\"https:\/\/burkinaonline.net\/wp-content\/uploads\/2026\/03\/IMG_7200-300x200.jpeg 300w, https:\/\/burkinaonline.net\/wp-content\/uploads\/2026\/03\/IMG_7200-1024x683.jpeg 1024w, https:\/\/burkinaonline.net\/wp-content\/uploads\/2026\/03\/IMG_7200-768x512.jpeg 768w, https:\/\/burkinaonline.net\/wp-content\/uploads\/2026\/03\/IMG_7200-1536x1024.jpeg 1536w, https:\/\/burkinaonline.net\/wp-content\/uploads\/2026\/03\/IMG_7200-2048x1365.jpeg 2048w\" sizes=\"(max-width: 300px) 100vw, 300px\" \/><\/a><\/p>\n<p class=\"s9\"><span class=\"s8\">Initialement pr\u00e9vue pour 900 m\u00e9nages, l\u2019op\u00e9ration a finalement permis d\u2019assister 1 176 m\u00e9nages, soit un d\u00e9passement significatif des cibles dans toutes les localit\u00e9s :<\/span><\/p>\n<div class=\"s10\"><span class=\"s8\">\u221e <\/span><span class=\"s8\">Ou\u00e9l\u00e9ni : 457 m\u00e9nages assist\u00e9s pour 340 pr\u00e9vus initialement<\/span><\/div>\n<div class=\"s10\"><span class=\"s8\">\u221e <\/span><span class=\"s8\">Tiongo : 356 m\u00e9nages assist\u00e9s pour une cible initiale de 300<\/span><\/div>\n<div class=\"s10\"><span class=\"s8\">\u221e <\/span><span class=\"s8\">Outila : 363 m\u00e9nages assist\u00e9s pour 260 pr\u00e9vus<\/span><\/div>\n<div><a href=\"http:\/\/burkinaonline.net\/wp-content\/uploads\/2026\/03\/IMG_7204-scaled.jpeg\"><img decoding=\"async\" class=\"aligncenter size-medium wp-image-9504\" src=\"http:\/\/burkinaonline.net\/wp-content\/uploads\/2026\/03\/IMG_7204-300x200.jpeg\" alt=\"\" width=\"300\" height=\"200\" srcset=\"https:\/\/burkinaonline.net\/wp-content\/uploads\/2026\/03\/IMG_7204-300x200.jpeg 300w, https:\/\/burkinaonline.net\/wp-content\/uploads\/2026\/03\/IMG_7204-1024x683.jpeg 1024w, https:\/\/burkinaonline.net\/wp-content\/uploads\/2026\/03\/IMG_7204-768x512.jpeg 768w, https:\/\/burkinaonline.net\/wp-content\/uploads\/2026\/03\/IMG_7204-1536x1024.jpeg 1536w, https:\/\/burkinaonline.net\/wp-content\/uploads\/2026\/03\/IMG_7204-2048x1365.jpeg 2048w\" sizes=\"(max-width: 300px) 100vw, 300px\" \/><\/a><\/div>\n<p class=\"s9\"><span class=\"s8\">\u00ab <\/span><span class=\"s11\">Nous nous sommes appuy\u00e9s sur les listes valid\u00e9es par les services comp\u00e9tents afin de garantir la transparence et l\u2019\u00e9quit\u00e9 dans la distribution. Les m\u00e9nages ont \u00e9t\u00e9 class\u00e9s selon leur taille pour adapter les rations aux besoins r\u00e9els<\/span><span class=\"s8\"> \u00bb, explique Donatien Yanogo, repr\u00e9sentant de la Croix-Rouge Burkinab\u00e8.<\/span><\/p>\n<p><a href=\"http:\/\/burkinaonline.net\/wp-content\/uploads\/2026\/03\/IMG_7196-scaled.jpeg\"><img loading=\"lazy\" decoding=\"async\" class=\"aligncenter size-medium wp-image-9496\" src=\"http:\/\/burkinaonline.net\/wp-content\/uploads\/2026\/03\/IMG_7196-300x135.jpeg\" alt=\"\" width=\"300\" height=\"135\" srcset=\"https:\/\/burkinaonline.net\/wp-content\/uploads\/2026\/03\/IMG_7196-300x135.jpeg 300w, https:\/\/burkinaonline.net\/wp-content\/uploads\/2026\/03\/IMG_7196-1024x461.jpeg 1024w, https:\/\/burkinaonline.net\/wp-content\/uploads\/2026\/03\/IMG_7196-768x346.jpeg 768w, https:\/\/burkinaonline.net\/wp-content\/uploads\/2026\/03\/IMG_7196-1536x691.jpeg 1536w, https:\/\/burkinaonline.net\/wp-content\/uploads\/2026\/03\/IMG_7196-2048x922.jpeg 2048w\" sizes=\"(max-width: 300px) 100vw, 300px\" \/><\/a><\/p>\n<p class=\"s9\"><span class=\"s8\">Les kits alimentaires comprenaient des denr\u00e9es de base telles que le ma\u00efs, le riz, le ni\u00e9b\u00e9, l\u2019huile et le sel. L\u2019assistance a \u00e9galement int\u00e9gr\u00e9 un appui nutritionnel sp\u00e9cifique destin\u00e9 aux nourrissons ainsi qu\u2019aux Femmes Enceintes et Femmes Allaitantes (FEFA), afin de pr\u00e9venir les risques de malnutrition dans un contexte de vuln\u00e9rabilit\u00e9 accrue.<\/span><span class=\"s8\"> A ce niveau, a<\/span><span class=\"s8\">u terme de la distribution<\/span><span class=\"s8\">,<\/span><span class=\"s8\"> 450 enfants et 400 FEFA ont b\u00e9n\u00e9fici\u00e9 de la farine enrichie<\/span><span class=\"s8\">.<\/span><\/p>\n<p><a href=\"http:\/\/burkinaonline.net\/wp-content\/uploads\/2026\/03\/IMG_7194-scaled.jpeg\"><img loading=\"lazy\" decoding=\"async\" class=\"aligncenter size-medium wp-image-9505\" src=\"http:\/\/burkinaonline.net\/wp-content\/uploads\/2026\/03\/IMG_7194-300x135.jpeg\" alt=\"\" width=\"300\" height=\"135\" srcset=\"https:\/\/burkinaonline.net\/wp-content\/uploads\/2026\/03\/IMG_7194-300x135.jpeg 300w, https:\/\/burkinaonline.net\/wp-content\/uploads\/2026\/03\/IMG_7194-1024x461.jpeg 1024w, https:\/\/burkinaonline.net\/wp-content\/uploads\/2026\/03\/IMG_7194-768x346.jpeg 768w, https:\/\/burkinaonline.net\/wp-content\/uploads\/2026\/03\/IMG_7194-1536x691.jpeg 1536w, https:\/\/burkinaonline.net\/wp-content\/uploads\/2026\/03\/IMG_7194-2048x922.jpeg 2048w\" sizes=\"(max-width: 300px) 100vw, 300px\" \/><\/a><\/p>\n<p class=\"s9\"><span class=\"s8\"><br \/>\nEn parall\u00e8le, des kits WASH compos\u00e9s de savon, seaux, bidons de 20 litres, dispositifs de lavage des mains et bouilloires ont \u00e9t\u00e9 distribu\u00e9s. Des kits de dignit\u00e9 destin\u00e9s aux femmes ont \u00e9galement \u00e9t\u00e9 remis afin de renforcer l\u2019hygi\u00e8ne et la protection dans un contexte marqu\u00e9 par la promiscuit\u00e9 dans les sites d\u2019accueil.<\/span><\/p>\n<p><a href=\"http:\/\/burkinaonline.net\/wp-content\/uploads\/2026\/03\/IMG_7201-scaled.jpeg\"><img loading=\"lazy\" decoding=\"async\" class=\"aligncenter size-medium wp-image-9500\" src=\"http:\/\/burkinaonline.net\/wp-content\/uploads\/2026\/03\/IMG_7201-300x200.jpeg\" alt=\"\" width=\"300\" height=\"200\" srcset=\"https:\/\/burkinaonline.net\/wp-content\/uploads\/2026\/03\/IMG_7201-300x200.jpeg 300w, https:\/\/burkinaonline.net\/wp-content\/uploads\/2026\/03\/IMG_7201-1024x683.jpeg 1024w, https:\/\/burkinaonline.net\/wp-content\/uploads\/2026\/03\/IMG_7201-768x512.jpeg 768w, https:\/\/burkinaonline.net\/wp-content\/uploads\/2026\/03\/IMG_7201-1536x1024.jpeg 1536w, https:\/\/burkinaonline.net\/wp-content\/uploads\/2026\/03\/IMG_7201-2048x1365.jpeg 2048w\" sizes=\"(max-width: 300px) 100vw, 300px\" \/><\/a><\/p>\n<p class=\"s9\"><span class=\"s8\">Pour Adama Ouattara, b\u00e9n\u00e9ficiaire et chef de m\u00e9nage h\u00f4te, cette assistance repr\u00e9sente un v\u00e9ritable soulagement :<\/span> <span class=\"s8\">\u00ab <\/span><span class=\"s11\">La nourriture commen\u00e7ait \u00e0 manquer dans notre concession. Avec ces vivres, nous pouvons nourrir nos enfants et les familles que nous avons accueillies. Cela nous redonne un peu d\u2019espoir.<\/span><span class=\"s8\"> \u00bb<\/span><\/p>\n<p class=\"s9\"><span class=\"s8\">Cette intervention s\u2019inscrit dans une r\u00e9ponse humanitaire plus large et coh\u00e9rente avec <\/span><span class=\"s8\">le plan national de r\u00e9ponse humanitaire<\/span><span class=\"s8\">. En compl\u00e9ment des distributions, 530 abris <\/span><span class=\"s8\">d\u2019urgence <\/span><span class=\"s8\">sont en cours de construction dans les localit\u00e9s b\u00e9n\u00e9ficiaires, tandis que d\u2019autres interventions en <\/span><span class=\"s8\">protection des liens <\/span><span class=\"s8\">familiaux<\/span><span class=\"s8\">, premiers secours psychologiques <\/span><span class=\"s8\">et WASH se poursuivent <\/span><span class=\"s8\">dans les <\/span><span class=\"s8\">m\u00eames<\/span> <span class=\"s8\">localit\u00e9s<\/span><span class=\"s8\">.<\/span><span class=\"s8\"> Le<\/span> <span class=\"s8\">m\u00eame<\/span><span class=\"s8\"> paquet d\u2019assistance est fournie \u00e0 200 m\u00e9nages d\u00e9plac\u00e9s dans la commune de Djigou\u00e8.<\/span><\/p>\n<p><a href=\"http:\/\/burkinaonline.net\/wp-content\/uploads\/2026\/03\/IMG_7202-scaled.jpeg\"><img loading=\"lazy\" decoding=\"async\" class=\"aligncenter size-medium wp-image-9501\" src=\"http:\/\/burkinaonline.net\/wp-content\/uploads\/2026\/03\/IMG_7202-300x200.jpeg\" alt=\"\" width=\"300\" height=\"200\" srcset=\"https:\/\/burkinaonline.net\/wp-content\/uploads\/2026\/03\/IMG_7202-300x200.jpeg 300w, https:\/\/burkinaonline.net\/wp-content\/uploads\/2026\/03\/IMG_7202-1024x683.jpeg 1024w, https:\/\/burkinaonline.net\/wp-content\/uploads\/2026\/03\/IMG_7202-768x512.jpeg 768w, https:\/\/burkinaonline.net\/wp-content\/uploads\/2026\/03\/IMG_7202-1536x1024.jpeg 1536w, https:\/\/burkinaonline.net\/wp-content\/uploads\/2026\/03\/IMG_7202-2048x1365.jpeg 2048w\" sizes=\"(max-width: 300px) 100vw, 300px\" \/><\/a><\/p>\n<p class=\"s9\"><span class=\"s8\">\u00c0 travers cette action coordonn\u00e9e avec les autorit\u00e9s locales et ses partenaires, dont <\/span><span class=\"s8\">La FICR <\/span><span class=\"s8\">et la Croix-Rouge de Monaco, la Croix-Rouge Burkinab\u00e8 contribue activement aux efforts nationaux visant \u00e0 renforcer la r\u00e9silience des communaut\u00e9s affect\u00e9es <\/span><span class=\"s8\">par les crises et catastrophes <\/span><span class=\"s8\">et \u00e0 pr\u00e9server la coh\u00e9sion sociale dans un contexte s\u00e9curitaire particuli\u00e8rement <\/span><span class=\"s8\">difficile<\/span><span class=\"s8\">.<\/span><\/p>\n<p class=\"s9\"><span class=\"s8\">L\u2019op\u00e9ration se distingue ainsi par son efficience et sa capacit\u00e9 d\u2019adaptation, les \u00e9quipes ayant r\u00e9ussi \u00e0 \u00e9largir la couverture de l\u2019assistance pour r\u00e9pondre aux besoins r\u00e9els observ\u00e9s sur le terrain, au-del\u00e0 des pr\u00e9visions initiales.<\/span><\/p>\n","protected":false},"excerpt":{"rendered":"<p>Du 19 f\u00e9vrier au 5 mars 2026, la Croix-Rouge Burkinab\u00e8 a apport\u00e9 une assistance humanitaire&#8230;<\/p>\n","protected":false},"author":1,"featured_media":9494,"comment_status":"open","ping_status":"open","sticky":false,"template":"","format":"standard","meta":{"footnotes":""},"categories":[8,10,13],"tags":[],"class_list":["post-9492","post","type-post","status-publish","format-standard","has-post-thumbnail","hentry","category-post","category-burkina-faso","category-societe"],"_links":{"self":[{"href":"https:\/\/burkinaonline.net\/index.php?rest_route=\/wp\/v2\/posts\/9492","targetHints":{"allow":["GET"]}}],"collection":[{"href":"https:\/\/burkinaonline.net\/index.php?rest_route=\/wp\/v2\/posts"}],"about":[{"href":"https:\/\/burkinaonline.net\/index.php?rest_route=\/wp\/v2\/types\/post"}],"author":[{"embeddable":true,"href":"https:\/\/burkinaonline.net\/index.php?rest_route=\/wp\/v2\/users\/1"}],"replies":[{"embeddable":true,"href":"https:\/\/burkinaonline.net\/index.php?rest_route=%2Fwp%2Fv2%2Fcomments&post=9492"}],"version-history":[{"count":4,"href":"https:\/\/burkinaonline.net\/index.php?rest_route=\/wp\/v2\/posts\/9492\/revisions"}],"predecessor-version":[{"id":9506,"href":"https:\/\/burkinaonline.net\/index.php?rest_route=\/wp\/v2\/posts\/9492\/revisions\/9506"}],"wp:featuredmedia":[{"embeddable":true,"href":"https:\/\/burkinaonline.net\/index.php?rest_route=\/wp\/v2\/media\/9494"}],"wp:attachment":[{"href":"https:\/\/burkinaonline.net\/index.php?rest_route=%2Fwp%2Fv2%2Fmedia&parent=9492"}],"wp:term":[{"taxonomy":"category","embeddable":true,"href":"https:\/\/burkinaonline.net\/index.php?rest_route=%2Fwp%2Fv2%2Fcategories&post=9492"},{"taxonomy":"post_tag","embeddable":true,"href":"https:\/\/burkinaonline.net\/index.php?rest_route=%2Fwp%2Fv2%2Ftags&post=9492"}],"curies":[{"name":"wp","href":"https:\/\/api.w.org\/{rel}","templated":true}]}}