{"id":9507,"date":"2026-03-09T17:19:13","date_gmt":"2026-03-09T17:19:13","guid":{"rendered":"https:\/\/burkinaonline.net\/?p=9507"},"modified":"2026-03-09T17:21:20","modified_gmt":"2026-03-09T17:21:20","slug":"transport-routier-le-gouvernement-leve-la-suspension-de-la-staf","status":"publish","type":"post","link":"https:\/\/burkinaonline.net\/?p=9507","title":{"rendered":"Transport routier : le gouvernement l\u00e8ve la suspension de la STAF"},"content":{"rendered":"<p>Le gouvernement burkinab\u00e8 a d\u00e9cid\u00e9 de lever la suspension des activit\u00e9s de transport routier de personnes de la Soci\u00e9t\u00e9 de transport Aor\u00e8ma et Fr\u00e8res (STAF). Cette d\u00e9cision intervient apr\u00e8s une p\u00e9riode d\u2019interdiction qui emp\u00eachait la compagnie d\u2019exploiter ses services de transport de voyageurs.<\/p>\n<p>Selon un arr\u00eat\u00e9 officiel, la suspension qui frappait la soci\u00e9t\u00e9, d\u00e9tentrice de la licence n\u00b02026\/03\/02\/T1\/0005 du 9 mars 2026, est lev\u00e9e \u00e0 compter du mardi 10 mars 2026. La STAF est donc autoris\u00e9e \u00e0 reprendre ses activit\u00e9s de transport routier de personnes sur le territoire national.<\/p>\n<p>Toutefois, les autorit\u00e9s rappellent que cette reprise d\u2019activit\u00e9s reste soumise au strict respect des r\u00e8gles de circulation et de s\u00e9curit\u00e9 routi\u00e8re. L\u2019arr\u00eat\u00e9 pr\u00e9cise qu\u2019en cas de nouveaux manquements, les articles 71 et 72 de l\u2019arr\u00eat\u00e9 n\u00b02015-0091\/MIDT\/SG\/DGTTM du 17 d\u00e9cembre 2015, portant cahier des charges du transporteur routier de personnes ou de voyageurs, pourront \u00eatre appliqu\u00e9s.<\/p>\n<p>Ces dispositions pr\u00e9voient notamment des sanctions administratives pouvant aller jusqu\u2019\u00e0 la suspension ou au retrait de l\u2019autorisation d\u2019exercer, lorsque les transporteurs ne respectent pas les obligations en mati\u00e8re de s\u00e9curit\u00e9 et de r\u00e9glementation du transport.<\/p>\n<p>Le gouvernement souligne ainsi que la reprise des activit\u00e9s de la STAF doit s\u2019accompagner d\u2019un respect rigoureux des normes de s\u00e9curit\u00e9, afin de garantir la protection des usagers et la r\u00e9gularit\u00e9 du transport routier de voyageurs.<\/p>\n<p>Enfin, l\u2019ex\u00e9cution de cet arr\u00eat\u00e9 a \u00e9t\u00e9 confi\u00e9e au Secr\u00e9taire g\u00e9n\u00e9ral du minist\u00e8re de l\u2019Administration territoriale et de la Mobilit\u00e9, charg\u00e9 de veiller \u00e0 l\u2019application effective de la d\u00e9cision.<\/p>\n<p>Source : Arr\u00eat\u00e9 relatif \u00e0 la lev\u00e9e de la suspension des activit\u00e9s de la Soci\u00e9t\u00e9 de transport Aor\u00e8ma et Fr\u00e8res (STAF), mars 2026.<\/p>\n<p>Alex Nak\u00e9<\/p>\n<p>wwww.burkinaonline.net<\/p>\n<p style=\"text-align: center;\"><a href=\"http:\/\/burkinaonline.net\/wp-content\/uploads\/2026\/03\/IMG_7300.jpeg\"><img fetchpriority=\"high\" decoding=\"async\" class=\"aligncenter size-medium wp-image-9510\" src=\"http:\/\/burkinaonline.net\/wp-content\/uploads\/2026\/03\/IMG_7300-215x300.jpeg\" alt=\"\" width=\"215\" height=\"300\" srcset=\"https:\/\/burkinaonline.net\/wp-content\/uploads\/2026\/03\/IMG_7300-215x300.jpeg 215w, https:\/\/burkinaonline.net\/wp-content\/uploads\/2026\/03\/IMG_7300-735x1024.jpeg 735w, https:\/\/burkinaonline.net\/wp-content\/uploads\/2026\/03\/IMG_7300-768x1070.jpeg 768w, https:\/\/burkinaonline.net\/wp-content\/uploads\/2026\/03\/IMG_7300-1024x1426.jpeg 1024w, https:\/\/burkinaonline.net\/wp-content\/uploads\/2026\/03\/IMG_7300.jpeg 1080w\" sizes=\"(max-width: 215px) 100vw, 215px\" \/><\/a> <a href=\"http:\/\/burkinaonline.net\/wp-content\/uploads\/2026\/03\/IMG_7301.jpeg\"><img decoding=\"async\" class=\"aligncenter size-medium wp-image-9511\" src=\"http:\/\/burkinaonline.net\/wp-content\/uploads\/2026\/03\/IMG_7301-217x300.jpeg\" alt=\"\" width=\"217\" height=\"300\" srcset=\"https:\/\/burkinaonline.net\/wp-content\/uploads\/2026\/03\/IMG_7301-217x300.jpeg 217w, https:\/\/burkinaonline.net\/wp-content\/uploads\/2026\/03\/IMG_7301-740x1024.jpeg 740w, https:\/\/burkinaonline.net\/wp-content\/uploads\/2026\/03\/IMG_7301-768x1063.jpeg 768w, https:\/\/burkinaonline.net\/wp-content\/uploads\/2026\/03\/IMG_7301-1024x1417.jpeg 1024w, https:\/\/burkinaonline.net\/wp-content\/uploads\/2026\/03\/IMG_7301.jpeg 1080w\" sizes=\"(max-width: 217px) 100vw, 217px\" \/><\/a><\/p>\n","protected":false},"excerpt":{"rendered":"<p>Le gouvernement burkinab\u00e8 a d\u00e9cid\u00e9 de lever la suspension des activit\u00e9s de transport routier de&#8230;<\/p>\n","protected":false},"author":1,"featured_media":9508,"comment_status":"open","ping_status":"open","sticky":false,"template":"","format":"standard","meta":{"footnotes":""},"categories":[8,10],"tags":[],"class_list":["post-9507","post","type-post","status-publish","format-standard","has-post-thumbnail","hentry","category-post","category-burkina-faso"],"_links":{"self":[{"href":"https:\/\/burkinaonline.net\/index.php?rest_route=\/wp\/v2\/posts\/9507","targetHints":{"allow":["GET"]}}],"collection":[{"href":"https:\/\/burkinaonline.net\/index.php?rest_route=\/wp\/v2\/posts"}],"about":[{"href":"https:\/\/burkinaonline.net\/index.php?rest_route=\/wp\/v2\/types\/post"}],"author":[{"embeddable":true,"href":"https:\/\/burkinaonline.net\/index.php?rest_route=\/wp\/v2\/users\/1"}],"replies":[{"embeddable":true,"href":"https:\/\/burkinaonline.net\/index.php?rest_route=%2Fwp%2Fv2%2Fcomments&post=9507"}],"version-history":[{"count":2,"href":"https:\/\/burkinaonline.net\/index.php?rest_route=\/wp\/v2\/posts\/9507\/revisions"}],"predecessor-version":[{"id":9512,"href":"https:\/\/burkinaonline.net\/index.php?rest_route=\/wp\/v2\/posts\/9507\/revisions\/9512"}],"wp:featuredmedia":[{"embeddable":true,"href":"https:\/\/burkinaonline.net\/index.php?rest_route=\/wp\/v2\/media\/9508"}],"wp:attachment":[{"href":"https:\/\/burkinaonline.net\/index.php?rest_route=%2Fwp%2Fv2%2Fmedia&parent=9507"}],"wp:term":[{"taxonomy":"category","embeddable":true,"href":"https:\/\/burkinaonline.net\/index.php?rest_route=%2Fwp%2Fv2%2Fcategories&post=9507"},{"taxonomy":"post_tag","embeddable":true,"href":"https:\/\/burkinaonline.net\/index.php?rest_route=%2Fwp%2Fv2%2Ftags&post=9507"}],"curies":[{"name":"wp","href":"https:\/\/api.w.org\/{rel}","templated":true}]}}