{"id":9524,"date":"2026-03-15T15:53:58","date_gmt":"2026-03-15T15:53:58","guid":{"rendered":"https:\/\/burkinaonline.net\/?p=9524"},"modified":"2026-03-15T15:56:56","modified_gmt":"2026-03-15T15:56:56","slug":"rumeurs-benjamin-netanyahu-nest-pas-mort","status":"publish","type":"post","link":"https:\/\/burkinaonline.net\/?p=9524","title":{"rendered":"Rumeurs:  Benjamin Netanyahu n\u2019est pas mort"},"content":{"rendered":"<p class=\"p1\"><span class=\"s1\">Des rumeurs persistantes annon\u00e7ant la mort du Premier ministre isra\u00e9lien, Benjamin Netanyahu, ont circul\u00e9 ces derniers jours sur les r\u00e9seaux sociaux. Ces informations, largement relay\u00e9es sans v\u00e9rification, se sont r\u00e9v\u00e9l\u00e9es fausses.<\/span><\/p>\n<p class=\"p1\"><span class=\"s1\">Pour mettre fin \u00e0 la confusion, le chef du gouvernement isra\u00e9lien est apparu publiquement le 15 mars 2026 dans un caf\u00e9. Dans une courte s\u00e9quence devenue virale, il s\u2019est montr\u00e9 d\u00e9tendu, prenant une boisson et ironisant sur les rumeurs annon\u00e7ant son d\u00e9c\u00e8s. Cette apparition visait clairement \u00e0 d\u00e9montrer qu\u2019il \u00e9tait bien vivant et \u00e0 d\u00e9mentir les informations qui circulaient en ligne.<\/span><\/p>\n<p class=\"p1\"><span class=\"s1\">Ces fausses annonces semblent avoir pris de l\u2019ampleur dans un contexte r\u00e9gional particuli\u00e8rement tendu, o\u00f9 les r\u00e9seaux sociaux sont devenus un terrain propice \u00e0 la propagation rapide de rumeurs et de contenus trompeurs. Dans certains cas, des images manipul\u00e9es ou sorties de leur contexte ont contribu\u00e9 \u00e0 alimenter la confusion.<\/span><\/p>\n<p>Gildas Kinda<\/p>\n<p>www.burkinaonline.net<\/p>\n","protected":false},"excerpt":{"rendered":"<p>Des rumeurs persistantes annon\u00e7ant la mort du Premier ministre isra\u00e9lien, Benjamin Netanyahu, ont circul\u00e9 ces&#8230;<\/p>\n","protected":false},"author":1,"featured_media":9525,"comment_status":"open","ping_status":"open","sticky":false,"template":"","format":"standard","meta":{"footnotes":""},"categories":[8,18],"tags":[],"class_list":["post-9524","post","type-post","status-publish","format-standard","has-post-thumbnail","hentry","category-post","category-international"],"_links":{"self":[{"href":"https:\/\/burkinaonline.net\/index.php?rest_route=\/wp\/v2\/posts\/9524","targetHints":{"allow":["GET"]}}],"collection":[{"href":"https:\/\/burkinaonline.net\/index.php?rest_route=\/wp\/v2\/posts"}],"about":[{"href":"https:\/\/burkinaonline.net\/index.php?rest_route=\/wp\/v2\/types\/post"}],"author":[{"embeddable":true,"href":"https:\/\/burkinaonline.net\/index.php?rest_route=\/wp\/v2\/users\/1"}],"replies":[{"embeddable":true,"href":"https:\/\/burkinaonline.net\/index.php?rest_route=%2Fwp%2Fv2%2Fcomments&post=9524"}],"version-history":[{"count":1,"href":"https:\/\/burkinaonline.net\/index.php?rest_route=\/wp\/v2\/posts\/9524\/revisions"}],"predecessor-version":[{"id":9526,"href":"https:\/\/burkinaonline.net\/index.php?rest_route=\/wp\/v2\/posts\/9524\/revisions\/9526"}],"wp:featuredmedia":[{"embeddable":true,"href":"https:\/\/burkinaonline.net\/index.php?rest_route=\/wp\/v2\/media\/9525"}],"wp:attachment":[{"href":"https:\/\/burkinaonline.net\/index.php?rest_route=%2Fwp%2Fv2%2Fmedia&parent=9524"}],"wp:term":[{"taxonomy":"category","embeddable":true,"href":"https:\/\/burkinaonline.net\/index.php?rest_route=%2Fwp%2Fv2%2Fcategories&post=9524"},{"taxonomy":"post_tag","embeddable":true,"href":"https:\/\/burkinaonline.net\/index.php?rest_route=%2Fwp%2Fv2%2Ftags&post=9524"}],"curies":[{"name":"wp","href":"https:\/\/api.w.org\/{rel}","templated":true}]}}