{"id":9702,"date":"2026-04-27T09:58:54","date_gmt":"2026-04-27T09:58:54","guid":{"rendered":"https:\/\/burkinaonline.net\/?p=9702"},"modified":"2026-04-27T10:10:52","modified_gmt":"2026-04-27T10:10:52","slug":"mali-attaques-terroristes-coordonnees-ce-qui-se-joue-reellement-au-sahel","status":"publish","type":"post","link":"https:\/\/burkinaonline.net\/?p=9702","title":{"rendered":"Mali : Attaques terroristes coordonn\u00e9es &#8211; ce qui se joue r\u00e9ellement au Sahel"},"content":{"rendered":"<p class=\"p1\"><span class=\"s1\">Une vague d\u2019op\u00e9rations arm\u00e9es a frapp\u00e9 Bamako et des villes de l\u2019int\u00e9rieur ces derniers jours. Revendiqu\u00e9es par des groupes arm\u00e9 terroristes , ces attaques ont caus\u00e9 des pertes, dont celle du ministre de la D\u00e9fense, t\u2019\u00b4u\u00e9 lors de l\u2019assaut contre son domicile. Un deuil national de deux jours a d\u00e9but\u00e9 ce lundi 27 avril, selon la t\u00e9l\u00e9vision publique.<\/span><\/p>\n<p class=\"p1\"><span class=\"s1\">Un mode op\u00e9ratoire qui d\u00e9passe l\u2019insurrection classique<\/span><\/p>\n<p class=\"p1\"><span class=\"s1\">La simultan\u00e9it\u00e9 des frappes, la pr\u00e9cision des cibles et la logistique d\u00e9ploy\u00e9e interpellent. Ce type d\u2019op\u00e9ration sugg\u00e8re un niveau \u00e9lev\u00e9 de coordination, de pr\u00e9paration et de renseignement, de niveaux \u00e9tatiques. L\u2019hypoth\u00e8se d\u2019actions isol\u00e9es men\u00e9es par des groupes terroristes dispers\u00e9s para\u00eet impossible<span class=\"Apple-converted-space\">\u00a0 <\/span>\u00e0 concilier avec l\u2019ampleur et la synchronisation observ\u00e9es. Selon plusieurs analystes, des \u00c9tats se trouveraient derri\u00e8re ces groupes arm\u00e9s terroristes.<\/span><\/p>\n<p class=\"p1\"><span class=\"s1\">Ces modes op\u00e9ratoires semblent viser \u00e0 semer le doute sur la capacit\u00e9 de l\u2019\u00c9tat malien \u00e0 s\u00e9curiser le territoire. Ils chercheraient \u00e0 affaiblir la confiance des populations envers leurs autorit\u00e9s, tout en utilisant l\u2019ins\u00e9curit\u00e9 comme levier strat\u00e9gique pour fragiliser la transition en cours.<\/span><\/p>\n<p class=\"p1\"><span class=\"s1\">Le vrai enjeu : une confrontation g\u00e9opolitique pour le contr\u00f4le du Sahel<\/span><\/p>\n<p class=\"p1\"><span class=\"s1\">Au-del\u00e0 de l\u2019aspect militaire, c\u2019est aussi une bataille d\u2019influences qui se joue. D\u2019un c\u00f4t\u00e9, plusieurs \u00c9tats du Sahel (<\/span><span class=\"s3\">Mali<\/span><span class=\"s1\">, <\/span><span class=\"s3\">Burkina Faso<\/span><span class=\"s1\">, <\/span><span class=\"s3\">Niger<\/span><span class=\"s1\">) affirment leur volont\u00e9 de rompre avec ce qu\u2019ils d\u00e9noncent comme un n\u00e9ocolonialisme persistant. Ils revendiquent une souverainet\u00e9 pleine sur leurs ressources, leur s\u00e9curit\u00e9 et leurs choix d\u2019alliances.<\/span><\/p>\n<p class=\"p1\"><span class=\"s1\">De l\u2019autre, certaines puissances verraient d\u2019un mauvais \u0153il cette r\u00e9orientation strat\u00e9gique. Selon cette lecture, la persistance de l\u2019instabilit\u00e9 servirait \u00e0 emp\u00eacher ces pays de consolider leur autonomie, de d\u00e9velopper de nouveaux partenariats et de sortir durablement des anciennes sph\u00e8res d\u2019influence.<\/span><\/p>\n<p class=\"p1\"><span class=\"s1\">L\u2019ind\u00e9pendance comme ligne de fracture<\/span><\/p>\n<p class=\"p1\"><span class=\"s1\">Depuis 2021, le <\/span><span class=\"s3\">Mali<\/span><span class=\"s1\"> puis l\u2019Alliance des \u00c9tats du Sahel ont multipli\u00e9 les actes de souverainet\u00e9 : d\u00e9part de forces \u00e9trang\u00e8res, r\u00e9vision d\u2019accords \u00e9conomiques et nouvelles coop\u00e9rations militaires. Chaque avanc\u00e9e vers davantage d\u2019autonomie semble \u00eatre suivie d\u2019une recrudescence s\u00e9curitaire. Pour certains analystes, cette succession nourrit l\u2019id\u00e9e d\u2019un rapport de force o\u00f9 la d\u00e9stabilisation devient un instrument politique.<\/span><\/p>\n<p class=\"p1\"><span class=\"s1\">Les attaques coordonn\u00e9es de ce samedi peuvent ainsi \u00eatre interpr\u00e9t\u00e9es comme une tentative de provoquer un basculement politique \u00e0 Bamako et de replacer le <\/span><span class=\"s3\">Mali<\/span><span class=\"s1\"> dans une logique d\u2019influence ext\u00e9rieure.<\/span><\/p>\n<p class=\"p1\"><span class=\"s1\">Un risque r\u00e9gional majeur<\/span><\/p>\n<p class=\"p1\"><span class=\"s1\">Cependant, si le <\/span><span class=\"s3\">Mali<\/span><span class=\"s1\"> venait \u00e0 basculer entre les mains des groupes arm\u00e9s terroristes, par une prise de pouvoir directe ou indirecte sur l\u2019appareil d\u2019\u00c9tat, les cons\u00e9quences d\u00e9passeraient largement ses fronti\u00e8res. C\u2019est toute la sous-r\u00e9gion ouest-africaine et sah\u00e9lienne qui en paierait durablement le prix : expansion des violences, d\u00e9placements massifs de populations, fragilisation \u00e9conomique et contagion politique.<\/span><\/p>\n<p class=\"p1\"><span class=\"s1\">Le sort du <\/span><span class=\"s3\">Mali<\/span><span class=\"s1\"> ne concerne donc pas seulement les Maliens : il engage l\u2019\u00e9quilibre futur de toute l\u2019Afrique de l\u2019Ouest.<\/span><\/p>\n<p class=\"p1\"><span class=\"s1\">Gildas Kinda <\/span><\/p>\n<p>www.burkinaonline.net<\/p>\n","protected":false},"excerpt":{"rendered":"<p>Une vague d\u2019op\u00e9rations arm\u00e9es a frapp\u00e9 Bamako et des villes de l\u2019int\u00e9rieur ces derniers jours&#8230;.<\/p>\n","protected":false},"author":1,"featured_media":9703,"comment_status":"open","ping_status":"open","sticky":false,"template":"","format":"standard","meta":{"footnotes":""},"categories":[8,30,10],"tags":[],"class_list":["post-9702","post","type-post","status-publish","format-standard","has-post-thumbnail","hentry","category-post","category-aes","category-burkina-faso"],"_links":{"self":[{"href":"https:\/\/burkinaonline.net\/index.php?rest_route=\/wp\/v2\/posts\/9702","targetHints":{"allow":["GET"]}}],"collection":[{"href":"https:\/\/burkinaonline.net\/index.php?rest_route=\/wp\/v2\/posts"}],"about":[{"href":"https:\/\/burkinaonline.net\/index.php?rest_route=\/wp\/v2\/types\/post"}],"author":[{"embeddable":true,"href":"https:\/\/burkinaonline.net\/index.php?rest_route=\/wp\/v2\/users\/1"}],"replies":[{"embeddable":true,"href":"https:\/\/burkinaonline.net\/index.php?rest_route=%2Fwp%2Fv2%2Fcomments&post=9702"}],"version-history":[{"count":3,"href":"https:\/\/burkinaonline.net\/index.php?rest_route=\/wp\/v2\/posts\/9702\/revisions"}],"predecessor-version":[{"id":9706,"href":"https:\/\/burkinaonline.net\/index.php?rest_route=\/wp\/v2\/posts\/9702\/revisions\/9706"}],"wp:featuredmedia":[{"embeddable":true,"href":"https:\/\/burkinaonline.net\/index.php?rest_route=\/wp\/v2\/media\/9703"}],"wp:attachment":[{"href":"https:\/\/burkinaonline.net\/index.php?rest_route=%2Fwp%2Fv2%2Fmedia&parent=9702"}],"wp:term":[{"taxonomy":"category","embeddable":true,"href":"https:\/\/burkinaonline.net\/index.php?rest_route=%2Fwp%2Fv2%2Fcategories&post=9702"},{"taxonomy":"post_tag","embeddable":true,"href":"https:\/\/burkinaonline.net\/index.php?rest_route=%2Fwp%2Fv2%2Ftags&post=9702"}],"curies":[{"name":"wp","href":"https:\/\/api.w.org\/{rel}","templated":true}]}}